{"id":4271,"date":"2017-09-05T15:09:04","date_gmt":"2017-09-05T15:09:04","guid":{"rendered":"http:\/\/www.voiceinteraction.pt\/?p=4271"},"modified":"2017-11-27T17:48:19","modified_gmt":"2017-11-27T17:48:19","slug":"voiceinteraction-em-amesterdao-para-a-ibc-2017","status":"publish","type":"post","link":"https:\/\/voice-interaction.com\/tmp-web\/pt\/voiceinteraction-em-amesterdao-para-a-ibc-2017\/","title":{"rendered":"VoiceInteraction em Amesterd\u00e3o para a IBC 2017"},"content":{"rendered":"<p style=\"text-align: center;\"><span style=\"font-size: 14px;\">De 15 a\u00a019 de Setembro, a\u00a0<strong>VoiceInteraction\u00a0<\/strong>apresenta em Amesterd\u00e3o as suas \u00faltimas inova\u00e7\u00f5es nas \u00e1reas de\u00a0<strong>legendagem autom\u00e1tica <\/strong>e\u00a0<strong>monitoriza\u00e7\u00e3o de media<\/strong><\/span><\/p>\n<p style=\"text-align: center;\"><span style=\"font-size: 14px;\">Junte-se a n\u00f3s a no stand\u00a0<\/span><strong style=\"font-size: 14px;\">#14.H18<\/strong><span style=\"font-size: 14px;\">.<\/span><\/p>\n<p style=\"text-align: center;\"><span style=\"font-size: 14px;\"><strong><a href=\"mailto:info@voiceinteraction.pt?subject=Reuni\u00e3o%20na%20IBC&amp;body=Nome%3A%0AFun\u00e7\u00e3o%0AEmpresa%0APa\u00eds%3A%0AHor\u00e1rio%20Preferido%3A\">Agendar um reuni\u00e3o com a VoiceInteraction na\u00a0IBC<\/a><\/strong>.<\/span><\/p>\n<p>&nbsp;<\/p>\n<h3>SOLU\u00c7\u00d5ES NA IBC<\/h3>\n<p>&nbsp;<\/p>\n<p><a href=\"http:\/\/www.voiceinteraction.pt\/wp-content\/uploads\/2017\/03\/Vi-AudimusMedia-logo-02.png\" target=\"_blank\" rel=\"http:\/\/www.voiceinteraction.com.br\/?page_id=376 noopener\"><img loading=\"lazy\" decoding=\"async\" src=\"http:\/\/www.voiceinteraction.pt\/wp-content\/uploads\/2017\/03\/Vi-AudimusMedia-logo-02-300x135.png\" alt=\"Vi-AudimusMedia-logo-02\" width=\"240\" height=\"108\" \/><\/a><\/p>\n<p><strong>LEGENDAGEM AUTOM\u00c1TICA<\/strong><\/p>\n<p>O AUDIMUS.MEDIA\u00a0gera legendas de forma autom\u00e1tica e em tempo real para todo o tipo de programa\u00e7\u00e3o em direto, produzindo legendas sobre os conte\u00fados dos canais de televis\u00e3o ou streaming, at\u00e9 mesmo nas not\u00edcias de \u00faltima hora. A \u00faltima vers\u00e3o do <span style=\"font-size: 13px;\">AUDIMUS<\/span><span style=\"font-size: 13px;\">.MEDIA<\/span> est\u00e1 mais r\u00e1pida e precisa <span style=\"font-size: 13px;\">(\u226595%)<\/span>, com vocabul\u00e1rio ampliado <span style=\"font-size: 13px;\">(&gt;200.000 palavras)\u00a0<\/span>nos v\u00e1rios modelos de linguagem e com tempos de lat\u00eancia bastante reduzidos. \u00c9 uma solu\u00e7\u00e3o inteligente que assegura o cumprimento com os requisitos legais sobre legendagem de conte\u00fados sem aumentar os custos dos canais de televis\u00e3o.<\/p>\n<p><a style=\"border: 1px solid #d1d1d1; color: #ff9c3a; text-decoration-line: none; padding: 4px 12px; text-transform: uppercase; text-align: center; font-weight: bold; width: 80px; margin: 10px 0px; border-radius: 25px;\" href=\"http:\/\/www.voiceinteraction.pt\/marketing\/2017\/brochures\/1.Audimus.Media\/VoiceInteraction-Audimus.Media-PT-v2.0.pdf\" target=\"blank\">BrochurA<\/a>\u00a0<a style=\"border: 1px solid #d1d1d1; color: #ff9c3a; text-decoration-line: none; padding: 4px 12px; text-transform: uppercase; text-align: center; font-weight: bold; width: 80px; margin: 10px 0px; border-radius: 25px;\" href=\"https:\/\/www.youtube.com\/watch?v=kPzQ0h0ufCA\" target=\"blank\">V\u00eddeo<\/a><\/p>\n<p>&nbsp;<\/p>\n<p>&nbsp;<\/p>\n<h2><a title=\"\" href=\"http:\/\/www.voiceinteraction.pt\/wp-content\/uploads\/2017\/03\/Vi-MMS-Broadcast-logo-02.png\" target=\"\" rel=\"\"><img loading=\"lazy\" decoding=\"async\" title=\"\" src=\"http:\/\/www.voiceinteraction.pt\/wp-content\/uploads\/2017\/03\/Vi-MMS-Broadcast-logo-02-300x114.png\" alt=\"Vi-MMS-Broadcast-logo-02\" width=\"240\" height=\"91\" \/><\/a><\/h2>\n<p><strong>MONITORA\u00c7\u00c3O\u00a0DE MEDIA<\/strong><\/p>\n<p>Na \u00e1rea de monitoriza\u00e7\u00e3o de media e controlo de qualidade sobre conte\u00fados, os visitantes v\u00e3o poder assistir uma demo do MMS \u2013 Edi\u00e7\u00e3o Broadcast, um sistema de grava\u00e7\u00e3o, armazenamento e acesso de v\u00eddeo combinado com ferramentas autom\u00e1ticas de transcri\u00e7\u00e3o, segmenta\u00e7\u00e3o e indexa\u00e7\u00e3o de programas de TV para grava\u00e7\u00e3o legal da pr\u00f3pria emiss\u00e3o ou cria\u00e7\u00e3o de arquivo para v\u00e1rios fins (auditoria, reemiss\u00e3o, cria\u00e7\u00e3o de clips multiplataforma) e com base em diferentes crit\u00e9rios (palavras-chave, oradores, \u00e1udio, grafismo de TV, legendas)..<\/p>\n<p><a style=\"border: 1px solid #d1d1d1; color: #ff9c3a; text-decoration-line: none; padding: 4px 12px; text-transform: uppercase; text-align: center; font-weight: bold; width: 80px; margin: 10px 0px; border-radius: 25px;\" href=\"http:\/\/www.voiceinteraction.pt\/marketing\/2017\/brochures\/4.MMS-BE\/VoiceInteraction-MMS_BE-PT-v2.0.pdf\" target=\"blank\">Brochura<\/a>\u00a0<a style=\"border: 1px solid #d1d1d1; color: #ff9c3a; text-decoration-line: none; padding: 4px 12px; text-transform: uppercase; text-align: center; font-weight: bold; width: 80px; margin: 10px 0px; border-radius: 25px;\" href=\"https:\/\/www.youtube.com\/watch?v=50Ko6YrvWbc&amp;t=\" target=\"blank\">V\u00eddeo<\/a><\/p>\n<p>&nbsp;<\/p>\n<h3>SOBRE O EVENTO<\/h3>\n<ul>\n<li>Data: 15 &#8211; 19\u00a0Setembro<\/li>\n<li>Local: RAI Amsterdam<\/li>\n<li>Stand: 14.H18<\/li>\n<li><a href=\"https:\/\/ibc.itnint.com\/IBC17\/RegOnline\/Reglogin.aspx?sourcecode=IBCE030\" target=\"_blank\" rel=\"noopener\">Registe-se aqui<\/a>, e utilize o c\u00f3digo 19747 da VoiceInteraction para entrar gratuitamente no evento.<\/li>\n<\/ul>\n<p>&nbsp;<\/p>\n<p><span style=\"font-size: 14px;\">Esperamos por si em Amesterd\u00e3o!<\/span><\/p>\n","protected":false},"excerpt":{"rendered":"<p>De 15 a\u00a019 de Setembro, a\u00a0VoiceInteraction\u00a0apresenta em Amesterd\u00e3o as suas \u00faltimas inova\u00e7\u00f5es nas \u00e1reas de\u00a0legendagem autom\u00e1tica&#8230;<\/p>\n","protected":false},"author":3,"featured_media":12265,"comment_status":"closed","ping_status":"closed","sticky":false,"template":"","format":"standard","meta":{"_links_to":"","_links_to_target":"","footnotes":""},"categories":[670,676],"tags":[771],"class_list":["post-4271","post","type-post","status-publish","format-standard","has-post-thumbnail","hentry","category-eventos-pt","category-media_pt","tag-ibc"],"_links":{"self":[{"href":"https:\/\/voice-interaction.com\/tmp-web\/pt\/wp-json\/wp\/v2\/posts\/4271","targetHints":{"allow":["GET"]}}],"collection":[{"href":"https:\/\/voice-interaction.com\/tmp-web\/pt\/wp-json\/wp\/v2\/posts"}],"about":[{"href":"https:\/\/voice-interaction.com\/tmp-web\/pt\/wp-json\/wp\/v2\/types\/post"}],"author":[{"embeddable":true,"href":"https:\/\/voice-interaction.com\/tmp-web\/pt\/wp-json\/wp\/v2\/users\/3"}],"replies":[{"embeddable":true,"href":"https:\/\/voice-interaction.com\/tmp-web\/pt\/wp-json\/wp\/v2\/comments?post=4271"}],"version-history":[{"count":0,"href":"https:\/\/voice-interaction.com\/tmp-web\/pt\/wp-json\/wp\/v2\/posts\/4271\/revisions"}],"wp:featuredmedia":[{"embeddable":true,"href":"https:\/\/voice-interaction.com\/tmp-web\/pt\/wp-json\/wp\/v2\/media\/12265"}],"wp:attachment":[{"href":"https:\/\/voice-interaction.com\/tmp-web\/pt\/wp-json\/wp\/v2\/media?parent=4271"}],"wp:term":[{"taxonomy":"category","embeddable":true,"href":"https:\/\/voice-interaction.com\/tmp-web\/pt\/wp-json\/wp\/v2\/categories?post=4271"},{"taxonomy":"post_tag","embeddable":true,"href":"https:\/\/voice-interaction.com\/tmp-web\/pt\/wp-json\/wp\/v2\/tags?post=4271"}],"curies":[{"name":"wp","href":"https:\/\/api.w.org\/{rel}","templated":true}]}}