{"id":4200,"date":"2017-07-27T10:16:47","date_gmt":"2017-07-27T10:16:47","guid":{"rendered":"http:\/\/www.voiceinteraction.pt\/?p=4200"},"modified":"2017-12-14T16:37:36","modified_gmt":"2017-12-14T16:37:36","slug":"1-de-julho-com-novas-regras-para-os-canais-de-televisao","status":"publish","type":"post","link":"https:\/\/voice-interaction.com\/tmp-web\/pt\/1-de-julho-com-novas-regras-para-os-canais-de-televisao\/","title":{"rendered":"1 de Julho com novas regras para os canais de televis\u00e3o"},"content":{"rendered":"<p style=\"font-size: 13px;\">Quem trabalha na \u00e1rea da televis\u00e3o tem presente que as legendas s\u00e3o um contributo fundamental para que pessoas com incapacidades auditivas possam compreender conte\u00fado audiovisual. As legendas constituem um dos mais valiosos servi\u00e7os de acessibilidade para a sociedade como um todo. Embora isto seja verdade, a legendagem tamb\u00e9m traz benef\u00edcios para diferentes grupos da nossa sociedade diversificada. Por exemplo: potencia a capacidade das crian\u00e7as compreenderem uma l\u00edngua durante a aprendizagem, ou pegando em exemplos mais simples, ajuda os que n\u00e3o falam ingl\u00eas nativo a captar uma palavra que n\u00e3o seja familiar ou conhecida ou a compreender um programa transmitido\u00a0num espa\u00e7o p\u00fablico em que a televis\u00e3o est\u00e1 sem som. O processamento de informa\u00e7\u00e3o \u00e9 mais eficaz quando as pessoas complementam o ouvido\u00a0com a leitura, e neste sentido, as <strong>legendas podem ser um grande benef\u00edcio para todos<\/strong>.<\/p>\n<p style=\"font-size: 13px;\">O tema da legendagem em programas de televis\u00e3o j\u00e1 \u00e9 objeto de regula\u00e7\u00e3o em v\u00e1rios\u00a0<span style=\"font-size: 13px;\">pa\u00edses. Vejamos o caso do Brasil em particular. Regulado pela ag\u00eancia nacional de comunica\u00e7\u00f5es (ANATEL), o Brasil constitui uma das maiores refer\u00eancias no mercado dos media, quer em termos de dimens\u00e3o, quer em termos de exig\u00eancia das regulamenta\u00e7\u00f5es de acessibilidade.<\/span><\/p>\n<p style=\"font-size: 13px;\">De facto, a ANATEL apurou\u00a0recentemente as regras do jogo, instituindo que a partir de 1 de Julho de 2017\u00a0todos os canais de televis\u00e3o brasileiros ter\u00e3o que produzir legendas para 24 horas de programa\u00e7\u00e3o, ao inv\u00e9s das 20 horas anteriores previstas em lei. Isto significa que os principais <em>players<\/em> como a TV Globo, TV Record, SBT ou TV Band e as suas in\u00fameras afiliadas nos 26 estados do Brasil t\u00eam que assegurar os meios t\u00e9cnicos para cumprir com as regulamenta\u00e7\u00f5es para todos os tipos de programa\u00e7\u00e3o, quer em direto quer para conte\u00fados gravados. E se pensarmos que o Brasil \u00e9 o 5\u00ba maior pa\u00eds do mundo, o impacto dessa decis\u00e3o significa um grande investimento a fazer por parte das televis\u00f5es brasileiras. Por outro lado, no que toca \u00e0\u00a0precis\u00e3o das legendas, estes t\u00eam que assegurar valores na ordem de\u00a0<span style=\"font-size: 13px;\">\u2265 98%, ou seja, um requisito a cumprir bastante desafiante. A VoiceInteraction tem trabalhado em conjunto com grande parte das esta\u00e7\u00f5es de televis\u00e3o brasileiras e respetivas afiliadas no sentido de assegurar o cumprimento\u00a0destes requisitos, e hoje, a sua solu\u00e7\u00e3o de closed captioning &#8211; AUDIMUS.MEDIA &#8211; \u00e9 l\u00edder no Brasil, n\u00e3o s\u00f3 devido ao modelo linguagem Portugu\u00eas-Brasileiro com vocabul\u00e1rio extenso\u00a0(&gt;200000 palavras) mas tamb\u00e9m pela sua tecnologia inovadora de reconhecimento de fala.<\/span><\/p>\n<p style=\"font-size: 13px;\">Olhando agora para norte, para os EUA, as diretrizes\u00a0<span style=\"font-size: 13px;\">sobre acessibilidade s\u00e3o ainda mais exigentes que no Brasil. A <a href=\"https:\/\/www.fcc.gov\/\" target=\"_blank\" rel=\"noopener\">FFC<\/a>\u00a0atua em v\u00e1rios mercados, desde a televis\u00e3o, \u00e0 internet ou at\u00e9 nas transmiss\u00f5es em eventos desportivos. Em televis\u00e3o, a lista de requisitos \u00e9 cada vez maior. A principal normativa estabelece que as grandes cadeias nacionais de televis\u00e3o (i.e.,\u00a0ABC, CBS, Fox e NBC), as suas afiliadas inseridas em mercados no top 25 \u00a0e distribuidores\u00a0nacionais que cheguem a pelo menos 50% das habita\u00e7\u00f5es subscritas a servi\u00e7os de programa\u00e7\u00e3o multicanal, devem utilizar legendagem em tempo-real. A VoiceInteraction est\u00e1 neste momento a trabalhar com v\u00e1rios canais de televis\u00e3o nos EUA para assegurar o cumprimento destas normativas pelos seus clientes.\u00a0<\/span><\/p>\n<p style=\"font-size: 13px;\">Mais recentemente, (desde 1 de Julho de 2017), o documento &#8220;<span style=\"font-size: 13px;\"><em>21st Century Communications and Video Accessibility Act<\/em>&#8221; obriga a que sejam adicionadas legendas em\u00a0toda a programa\u00e7\u00e3o em direto ou parcialmente direto (programa gravado at\u00e9 24 horas antes de ir para o ar pela primeira vez) 12 horas depois de ter ido para o ar, isto para o caso em que estes v\u00eddeos s\u00e3o colocados na internet. Esta categoria inclui programas sobre desporto, not\u00edcias ou <em>talk-shows<\/em>.<\/span><\/p>\n<p style=\"font-size: 13px;\">Na Am\u00e9rica Latina, as principais entidades na \u00e1rea dos media de pa\u00edses com o <strong style=\"font-size: 13px;\"><a href=\"http:\/\/www.cooperativa.cl\/noticias\/entretencion\/television\/canal-13\/noticieros-centrales-de-tvn-y-canal-13-tendran-subtitulos-desde-el-jueves\/2005-11-09\/180828.html\">Chile ou\u00a0Peru<\/a>\u00a0<\/strong><span style=\"font-size: 13px;\">est\u00e3o sens\u00edveis a estas\u00a0quest\u00f5es e tentam seguir a legisla\u00e7\u00e3o de outros pa\u00edses como os EUA. Ser\u00e1 apenas uma quest\u00e3o de tempo at\u00e9 outros pa\u00edses da Am\u00e9rica Latina seguirem o mesmo caminho.<\/span><\/p>\n<p style=\"font-size: 13px;\">No entanto, se olharmos para o caso Europa, o cen\u00e1rio \u00e9 um tanto ou quanto inconsistente. N\u00e3o que o tema esteja inexplorado pela Uni\u00e3o Europeia ou a EBU. A <a href=\"https:\/\/ec.europa.eu\/digital-single-market\/en\/content-distribution-rules-avmsd\">diretiva AVMS<\/a>\u00a0estabelece que os estados membros devem tomar certas medidas para que os servi\u00e7os na \u00e1rea dos media estejam acess\u00edveis a pessoas com incapacidades invisuais ou auditivas. Ao n\u00edvel nacional, algumas institui\u00e7\u00f5es regulam o mercado dos media, como por exemplo a\u00a0<a href=\"https:\/\/www.ofcom.org.uk\/\">Ofcom<\/a>\u00a0no<b> Reino Unido<\/b>\u00a0e a\u00a0\u00a0<a href=\"http:\/\/www.erc.pt\/\">ERC<\/a>\u00a0em\u00a0<strong>Portugal<\/strong>.<\/p>\n<p style=\"font-size: 13px;\">Tamb\u00e9m em 2017, <span style=\"font-size: 13px;\">A\u00a0<\/span><span style=\"font-size: 13px;\">European Broadcasting Union (EBU), o Forum Europeu da Defici\u00eancia e a Associa\u00e7\u00e3o Europeia das\u00a0Televis\u00f5es\u00a0Comerciais <\/span>escreveram em parceria uma <a style=\"font-size: 13px;\" href=\"https:\/\/www.ebu.ch\/news\/2017\/02\/broadcasters-and-disability-organisation-draw-up-common-recommendation-on-future-eu-rules-for-audiovisual-access-services\">recomenda\u00e7\u00e3o<\/a>\u00a0para futuras\u00a0regulamenta\u00e7\u00f5es\u00a0em servi\u00e7os de acessibilidade <span style=\"font-size: 13px;\">na Uni\u00e3o Europeia<\/span>. Outras entidades como a ERGA tentam deixar a sua influ\u00eancia com a produ\u00e7\u00e3o de <a style=\"font-size: 13px;\" href=\"http:\/\/ec.europa.eu\/newsroom\/document.cfm?doc_id=40610\">estudos de mercado<\/a>\u00a0relacionados.<\/p>\n<p style=\"font-size: 13px;\">A VoiceInteraction assume como sua miss\u00e3o dar um contributo tecnol\u00f3gico na \u00e1rea de closed captioning a n\u00edvel mundial, e estamos atentos \u00e0 vis\u00e3o dos v\u00e1rios mercados em termos de regulamenta\u00e7\u00e3o <span style=\"font-size: 13px;\">da industria de televis\u00e3o<\/span>. Se s\u00e3o sabidos os v\u00e1rios benef\u00edcios que as legendas\u00a0trazem \u00e0 sociedade, <strong>a grande quest\u00e3o que se coloca <\/strong>\u00e9 quanto tempo vai demorar para a Europa discutir um plano\u00a0estruturado\u00a0e eficaz que garanta que todos os canais de televis\u00e3o adicionem legendas \u00e0 programa\u00e7\u00e3o.<\/p>\n","protected":false},"excerpt":{"rendered":"<p>Quem trabalha na \u00e1rea da televis\u00e3o tem presente que as legendas s\u00e3o um contributo fundamental para&#8230;<\/p>\n","protected":false},"author":3,"featured_media":12274,"comment_status":"closed","ping_status":"closed","sticky":false,"template":"","format":"standard","meta":{"_links_to":"","_links_to_target":"","footnotes":""},"categories":[537],"tags":[892,834,891,837],"class_list":["post-4200","post","type-post","status-publish","format-standard","has-post-thumbnail","hentry","category-legendagem-automatica","tag-anatel","tag-ebu-tt-pt","tag-fcc-pt","tag-legendagem-em-direto"],"_links":{"self":[{"href":"https:\/\/voice-interaction.com\/tmp-web\/pt\/wp-json\/wp\/v2\/posts\/4200","targetHints":{"allow":["GET"]}}],"collection":[{"href":"https:\/\/voice-interaction.com\/tmp-web\/pt\/wp-json\/wp\/v2\/posts"}],"about":[{"href":"https:\/\/voice-interaction.com\/tmp-web\/pt\/wp-json\/wp\/v2\/types\/post"}],"author":[{"embeddable":true,"href":"https:\/\/voice-interaction.com\/tmp-web\/pt\/wp-json\/wp\/v2\/users\/3"}],"replies":[{"embeddable":true,"href":"https:\/\/voice-interaction.com\/tmp-web\/pt\/wp-json\/wp\/v2\/comments?post=4200"}],"version-history":[{"count":0,"href":"https:\/\/voice-interaction.com\/tmp-web\/pt\/wp-json\/wp\/v2\/posts\/4200\/revisions"}],"wp:featuredmedia":[{"embeddable":true,"href":"https:\/\/voice-interaction.com\/tmp-web\/pt\/wp-json\/wp\/v2\/media\/12274"}],"wp:attachment":[{"href":"https:\/\/voice-interaction.com\/tmp-web\/pt\/wp-json\/wp\/v2\/media?parent=4200"}],"wp:term":[{"taxonomy":"category","embeddable":true,"href":"https:\/\/voice-interaction.com\/tmp-web\/pt\/wp-json\/wp\/v2\/categories?post=4200"},{"taxonomy":"post_tag","embeddable":true,"href":"https:\/\/voice-interaction.com\/tmp-web\/pt\/wp-json\/wp\/v2\/tags?post=4200"}],"curies":[{"name":"wp","href":"https:\/\/api.w.org\/{rel}","templated":true}]}}