{"id":4188,"date":"2017-07-27T10:34:42","date_gmt":"2017-07-27T10:34:42","guid":{"rendered":"http:\/\/www.voiceinteraction.pt\/?p=4188"},"modified":"2017-11-16T18:09:22","modified_gmt":"2017-11-16T18:09:22","slug":"voiceinteraction-regressa-ao-set-expo-em-sao-paulo","status":"publish","type":"post","link":"https:\/\/voice-interaction.com\/tmp-web\/pt\/voiceinteraction-regressa-ao-set-expo-em-sao-paulo\/","title":{"rendered":"A VoiceInteraction regressa ao SET EXPO, em S\u00e3o Paulo"},"content":{"rendered":"<p><span style=\"font-size: 14px;\">De 22\u00a0a 24\u00a0de Agosto, a <strong>VoiceInteraction\u00a0<\/strong>apresenta as \u00faltimas novidades em<strong> solu\u00e7\u00f5es de closed captioning <\/strong>e<strong> monitoriza\u00e7\u00e3o de media. <\/strong>\u00a0Venha at\u00e9 ao stand\u00a0<strong>135<\/strong>\u00a0conhecer a nossa equipa.<\/span><\/p>\n<p>&nbsp;<\/p>\n<h3>PRODUTOS EM EXPOSI\u00c7\u00c3O<\/h3>\n<p><a href=\"http:\/\/www.voiceinteraction.pt\/wp-content\/uploads\/2017\/03\/Vi-AudimusMedia-logo-02.png\" target=\"_blank\" rel=\"http:\/\/www.voiceinteraction.com.br\/?page_id=376 noopener\"><img loading=\"lazy\" decoding=\"async\" src=\"http:\/\/www.voiceinteraction.pt\/wp-content\/uploads\/2017\/03\/Vi-AudimusMedia-logo-02-300x135.png\" alt=\"Vi-AudimusMedia-logo-02\" width=\"240\" height=\"108\" \/><\/a><\/p>\n<p><span style=\"color: #808080;\"><strong>CLOSED CAPTION AUTOM\u00c1TICO<\/strong><\/span><\/p>\n<p>Sistema para gerar legendas de forma autom\u00e1tica e em tempo real para todo o tipo de programa\u00e7\u00e3o ao vivo, produzindo legendas sobre os conte\u00fados do seu canal de televis\u00e3o ou <em>streaming<\/em>, at\u00e9 mesmo nas not\u00edcias de \u00faltima hora. Os visitantes v\u00e3o conhecer uma vers\u00e3o do AUDIMUS.MEDIA mais r\u00e1pida e precisa (\u226595%), com vocabul\u00e1rio mais amplo para os v\u00e1rios modelos de linguagem e tempos de lat\u00eancia reduzidos para uma transmiss\u00e3o sem falhas. Uma solu\u00e7\u00e3o inteligente que assegura o cumprimento com os requisitos legais sobre legendagem de conte\u00fados sem aumentar os custos dos canais de televis\u00e3o, e que est\u00e1 dispon\u00edvel em v\u00e1rios idiomas, incluindo o\u00a0portugu\u00eas do Brasil.<\/p>\n<p><a style=\"border: 1px solid #d1d1d1; color: #ff9c3a; text-decoration-line: none; padding: 4px 12px; text-transform: uppercase; text-align: center; font-weight: bold; width: 80px; margin: 10px 0px; border-radius: 25px;\" href=\"http:\/\/www.voiceinteraction.pt\/marketing\/2017\/newsletters\/junho\/Audimus.Media.pt.pdf\" target=\"blank\">Brochura<\/a>\u00a0<a style=\"border: 1px solid #d1d1d1; color: #ff9c3a; text-decoration-line: none; padding: 4px 12px; text-transform: uppercase; text-align: center; font-weight: bold; width: 80px; margin: 10px 0px; border-radius: 25px;\" href=\"https:\/\/www.youtube.com\/watch?v=kPzQ0h0ufCA\" target=\"blank\">ver\u00a0Video<\/a><\/p>\n<p>&nbsp;<\/p>\n<h2><a title=\"\" href=\"http:\/\/www.voiceinteraction.pt\/wp-content\/uploads\/2017\/03\/Vi-MMS-Broadcast-logo-02.png\" target=\"\" rel=\"\"><img loading=\"lazy\" decoding=\"async\" title=\"\" src=\"http:\/\/www.voiceinteraction.pt\/wp-content\/uploads\/2017\/03\/Vi-MMS-Broadcast-logo-02-300x114.png\" alt=\"Vi-MMS-Broadcast-logo-02\" width=\"240\" height=\"91\" \/><\/a><\/h2>\n<p><span style=\"color: #808080;\"><strong>MEDIA MONITORING<\/strong><\/span><\/p>\n<p>Na \u00e1rea de monitoriza\u00e7\u00e3o de media\u00a0e controlo de qualidade sobre conte\u00fados, os visitantes podem obter mais informa\u00e7\u00f5es sobre o sistema MMS &#8211; Edi\u00e7\u00e3o Broadcast, um sistema de grava\u00e7\u00e3o, armazenamento e acesso de v\u00eddeo combinado com ferramentas autom\u00e1ticas de transcri\u00e7\u00e3o, segmenta\u00e7\u00e3o e indexa\u00e7\u00e3o de programas de TV para grava\u00e7\u00e3o\u00a0legal da pr\u00f3pria emiss\u00e3o ou cria\u00e7\u00e3o de ficheiros com v\u00e1rios fins (auditoria, reemiss\u00e3o, cria\u00e7\u00e3o de\u00a0<em>clips\u00a0<\/em>multiplataforma) com\u00a0base em diferentes crit\u00e9rios (palavras-chave, oradores, \u00e1udio, grafismo de TV, legendas).<\/p>\n<p><a style=\"border: 1px solid #d1d1d1; color: #ff9c3a; text-decoration-line: none; padding: 4px 12px; text-transform: uppercase; text-align: center; font-weight: bold; width: 80px; margin: 10px 0px; border-radius: 25px;\" href=\"http:\/\/www.voiceinteraction.pt\/marketing\/2017\/newsletters\/junho\/MMS.pt.pdf\" target=\"blank\">Brochura<\/a>\u00a0<a style=\"border: 1px solid #d1d1d1; color: #ff9c3a; text-decoration-line: none; padding: 4px 12px; text-transform: uppercase; text-align: center; font-weight: bold; width: 80px; margin: 10px 0px; border-radius: 25px;\" href=\"https:\/\/www.youtube.com\/watch?v=50Ko6YrvWbc&amp;t=\" target=\"blank\">ver\u00a0Video<\/a><\/p>\n<p>&nbsp;<\/p>\n<h3>INFORMA\u00c7\u00d5ES ESSENCIAIS<\/h3>\n<ul>\n<li>Data do Evento: 22 &#8211; 24 Agosto<\/li>\n<li>Local: S\u00e3o Paulo<\/li>\n<li>N\u00famero do estande: 135<\/li>\n<li>A VoiceInteraction Brasil tem um c\u00f3digo promocional para voc\u00ea. Se registe\u00a0gratuitamente com\u00a0evento: SETVOICE.<\/li>\n<li>Marque a sua reuni\u00e3o connosco. Envie-nos um e-mail para info@voiceinteraction.pt ou\u00a0<strong><a href=\"http:\/\/www.voiceinteraction.pt\/?page_id=356\">clique aqui e marque sua reuni\u00e3o.<\/a><\/strong><\/li>\n<\/ul>\n<p>&nbsp;<\/p>\n<p>\u200b<span style=\"font-size: 14px;\">Aguardamos\u00a0sua visita!<\/span><\/p>\n<p><span style=\"font-size: 14px;\">At\u00e9 j\u00e1!<\/span><\/p>\n","protected":false},"excerpt":{"rendered":"<p>De 22\u00a0a 24\u00a0de Agosto, a VoiceInteraction\u00a0apresenta as \u00faltimas novidades em solu\u00e7\u00f5es de closed captioning e monitoriza\u00e7\u00e3o&#8230;<\/p>\n","protected":false},"author":3,"featured_media":12268,"comment_status":"closed","ping_status":"closed","sticky":false,"template":"","format":"standard","meta":{"_links_to":"","_links_to_target":"","footnotes":""},"categories":[670,676],"tags":[872],"class_list":["post-4188","post","type-post","status-publish","format-standard","has-post-thumbnail","hentry","category-eventos-pt","category-media_pt","tag-setexpo-pt"],"_links":{"self":[{"href":"https:\/\/voice-interaction.com\/tmp-web\/pt\/wp-json\/wp\/v2\/posts\/4188","targetHints":{"allow":["GET"]}}],"collection":[{"href":"https:\/\/voice-interaction.com\/tmp-web\/pt\/wp-json\/wp\/v2\/posts"}],"about":[{"href":"https:\/\/voice-interaction.com\/tmp-web\/pt\/wp-json\/wp\/v2\/types\/post"}],"author":[{"embeddable":true,"href":"https:\/\/voice-interaction.com\/tmp-web\/pt\/wp-json\/wp\/v2\/users\/3"}],"replies":[{"embeddable":true,"href":"https:\/\/voice-interaction.com\/tmp-web\/pt\/wp-json\/wp\/v2\/comments?post=4188"}],"version-history":[{"count":0,"href":"https:\/\/voice-interaction.com\/tmp-web\/pt\/wp-json\/wp\/v2\/posts\/4188\/revisions"}],"wp:featuredmedia":[{"embeddable":true,"href":"https:\/\/voice-interaction.com\/tmp-web\/pt\/wp-json\/wp\/v2\/media\/12268"}],"wp:attachment":[{"href":"https:\/\/voice-interaction.com\/tmp-web\/pt\/wp-json\/wp\/v2\/media?parent=4188"}],"wp:term":[{"taxonomy":"category","embeddable":true,"href":"https:\/\/voice-interaction.com\/tmp-web\/pt\/wp-json\/wp\/v2\/categories?post=4188"},{"taxonomy":"post_tag","embeddable":true,"href":"https:\/\/voice-interaction.com\/tmp-web\/pt\/wp-json\/wp\/v2\/tags?post=4188"}],"curies":[{"name":"wp","href":"https:\/\/api.w.org\/{rel}","templated":true}]}}