{"id":3583,"date":"2016-07-20T15:07:05","date_gmt":"2016-07-20T15:07:05","guid":{"rendered":"http:\/\/www.voiceinteraction.pt\/?p=3583"},"modified":"2017-11-14T14:48:31","modified_gmt":"2017-11-14T14:48:31","slug":"voiceinteraction-participa-na-ibc-2016","status":"publish","type":"post","link":"https:\/\/voice-interaction.com\/tmp-web\/pt\/voiceinteraction-participa-na-ibc-2016\/","title":{"rendered":"VoiceInteraction participa na IBC 2016"},"content":{"rendered":"<p style=\"text-align: justify;\">A VoiceInteraction estar\u00e1 mais uma vez presente em Amsterd\u00e3o a fim de participar na <em><a href=\"http:\/\/ibc.org\" target=\"_blank\" rel=\"noopener\">International Broadcasting Convention<\/a><\/em> (IBC).\u00a0<span style=\"line-height: 1.6em;\">Durante o evento, a equipa da VoiceInteraction apresenta os mais recentes desenvolvimentos das suas solu\u00e7\u00f5es de legendagem autom\u00e1tica, grava\u00e7\u00e3o legal e monitoriza\u00e7\u00e3o de media, que decorrer\u00e1 de 09 a 13 de Setembro de 2016.<\/span><\/p>\n<p style=\"text-align: justify;\">A VoiceInteraction estar\u00e1 no <strong>stand H18 do Pavilh\u00e3o 14<\/strong> \u00e0 espera da sua visita.<\/p>\n<h3 style=\"text-align: justify;\"><span style=\"line-height: 1.2em; font-size: 13px;\">Automatic Live Closed Captioning<\/span><\/h3>\n<p style=\"text-align: justify;\">A caracter\u00edstica \u00fanica da tecnologia de reconhecimento de fala da VoiceInteraction &#8212; que consiste em funcionar abaixo de tempo real com modelos de reconhecimento de voz independentes do orador &#8212; tornou poss\u00edvel a cria\u00e7\u00e3o do AUDIMUS.MEDIA, um sistema de legendagem autom\u00e1tica para\u00a0 programas de TV ao vivo ou gravados previamente. O AUDIMUS.MEDIA tem suporte para a maioria dos idiomas da Europa Ocidental. Poder\u00e1 obter uma descri\u00e7\u00e3o mais detalhada do funcionamento do sistema acedendo \u00e0 <a href=\"http:\/\/www.voiceinteraction.pt\/?page_id=376\" target=\"_blank\" rel=\"noopener\">p\u00e1gina do produto.<\/a><\/p>\n<h3 style=\"text-align: justify;\">Raz\u00f5es para visitar o nosso stand na IBC<\/h3>\n<p style=\"font-size: 13px; line-height: 20.8px; text-align: justify;\">A VoiceInteraction ir\u00e1 apresentar na IBC as vers\u00f5es mais recentes do AUDIMUS.MEDIA \u2013 resultante da adop\u00e7\u00e3o de t\u00e9cnicas de Deep-learning de modo a melhorar a performance dos modelos ac\u00fasticos derivados dos, cada vez maiores, reposit\u00f3rios de fala \u2013 e do <a href=\"http:\/\/www.voiceinteraction.pt\/?page_id=376\" target=\"_blank\" rel=\"noopener\">MMS (Media Monitoring Solution)<\/a> (uma solu\u00e7\u00e3o de grava\u00e7\u00e3o, armazenamento e acesso de v\u00eddeo combinado com ferramentas autom\u00e1ticas de transcri\u00e7\u00e3o, segmenta\u00e7\u00e3o e indexa\u00e7\u00e3o de programas de TV) dedicando especial aten\u00e7\u00e3o \u00a0\u00e0 variante \u00a0 <a href=\"http:\/\/www.voiceinteraction.pt\/?page_id=3039\" target=\"_blank\" rel=\"noopener\">MMS BE (Broadcast Edition)<\/a>, criada para dar resposta a problemas espec\u00edficos dos broadcasters, como, por exemplo, a grava\u00e7\u00e3o legal da emiss\u00e3o &#8212; com funcionalidades de c\u00e1lculo e registo das curvas de loudness &#8212; e a visualiza\u00e7\u00e3o simult\u00e2nea de programas de v\u00e1rios canais, assim como da evolu\u00e7\u00e3o temporal das respectivas audi\u00eancias (an\u00e1lise competitiva da concorr\u00eancia).<br \/>\nPara al\u00e9m de assistir \u00e0s nossas demonstra\u00e7\u00f5es, os visitantes do nosso stand ter\u00e3o a oportunidade de conhecer de forma mais aprofundada uma vasta gama de solu\u00e7\u00f5es de processamento de fala com provas dadas no mercado, como Sistemas de Transcri\u00e7\u00e3o de Reuni\u00f5es, Sess\u00f5es de Assembleias Municipais e do Parlamento, Julgamentos ou ainda de Relat\u00f3rios M\u00e9dicos; Sistemas de S\u00edntese e Reconhecimento de voz para IVR e Call Centers; ou ainda, Agentes Conversacionais para aplica\u00e7\u00f5es multimodais.<\/p>\n<p style=\"text-align: justify;\">Esperamos por si no nosso <strong style=\"font-size: 13px; line-height: 20.8px; text-align: justify;\">stand H18 do Pavilh\u00e3o 14<\/strong><span style=\"font-size: 13px; line-height: 20.8px; text-align: justify;\">. Se pretender agendar uma reuni\u00e3o, durante o evento, com o Prof. Jo\u00e3o Neto, CEO da VoiceInteraction, a fim de discutir de forma mais aprofundada algum assunto do seu interesse, por favor, envie-nos um pedido de agendamento para o email <strong> ibc2016@voiceinteraction.tv.<\/strong><\/span><\/p>\n<h3 style=\"text-align: justify;\">Sobre a IBC<\/h3>\n<p style=\"text-align: justify;\">A IBC \u00e9 um evento anual, onde mais de 1500 empresas apresentam as suas mais recentes propostas tecnol\u00f3gicas para os mercados dos Media e Entretenimento. A IBC 2016 ter\u00e1 lugar no RAI Exhibition and Convention Centre de Amsterd\u00e3o, de 09 a 13 de Setembro de 2016.<\/p>\n<h3 style=\"text-align: justify;\">Sobre a VoiceInteraction<\/h3>\n<p style=\"text-align: justify;\">A VoiceInteraction \u00e9 uma empresa de base tecnol\u00f3gica a operar no mercado global com sistemas de s\u00edntese e transcri\u00e7\u00e3o de fala, em tempo real, e sistemas de monitoriza\u00e7\u00e3o autom\u00e1tica de conte\u00fados noticiosos e spots publicit\u00e1rios.<\/p>\n","protected":false},"excerpt":{"rendered":"<p>A VoiceInteraction estar\u00e1 mais uma vez presente em Amsterd\u00e3o a fim de participar na International Broadcasting&#8230;<\/p>\n","protected":false},"author":1,"featured_media":11852,"comment_status":"closed","ping_status":"closed","sticky":false,"template":"","format":"standard","meta":{"_links_to":"","_links_to_target":"","footnotes":""},"categories":[670,676],"tags":[771],"class_list":["post-3583","post","type-post","status-publish","format-standard","has-post-thumbnail","hentry","category-eventos-pt","category-media_pt","tag-ibc"],"_links":{"self":[{"href":"https:\/\/voice-interaction.com\/tmp-web\/pt\/wp-json\/wp\/v2\/posts\/3583","targetHints":{"allow":["GET"]}}],"collection":[{"href":"https:\/\/voice-interaction.com\/tmp-web\/pt\/wp-json\/wp\/v2\/posts"}],"about":[{"href":"https:\/\/voice-interaction.com\/tmp-web\/pt\/wp-json\/wp\/v2\/types\/post"}],"author":[{"embeddable":true,"href":"https:\/\/voice-interaction.com\/tmp-web\/pt\/wp-json\/wp\/v2\/users\/1"}],"replies":[{"embeddable":true,"href":"https:\/\/voice-interaction.com\/tmp-web\/pt\/wp-json\/wp\/v2\/comments?post=3583"}],"version-history":[{"count":0,"href":"https:\/\/voice-interaction.com\/tmp-web\/pt\/wp-json\/wp\/v2\/posts\/3583\/revisions"}],"wp:featuredmedia":[{"embeddable":true,"href":"https:\/\/voice-interaction.com\/tmp-web\/pt\/wp-json\/wp\/v2\/media\/11852"}],"wp:attachment":[{"href":"https:\/\/voice-interaction.com\/tmp-web\/pt\/wp-json\/wp\/v2\/media?parent=3583"}],"wp:term":[{"taxonomy":"category","embeddable":true,"href":"https:\/\/voice-interaction.com\/tmp-web\/pt\/wp-json\/wp\/v2\/categories?post=3583"},{"taxonomy":"post_tag","embeddable":true,"href":"https:\/\/voice-interaction.com\/tmp-web\/pt\/wp-json\/wp\/v2\/tags?post=3583"}],"curies":[{"name":"wp","href":"https:\/\/api.w.org\/{rel}","templated":true}]}}