{"id":277,"date":"2011-12-10T19:28:31","date_gmt":"2011-12-10T19:28:31","guid":{"rendered":"http:\/\/www.voiceinteraction.pt\/?p=277"},"modified":"2017-11-17T12:06:08","modified_gmt":"2017-11-17T12:06:08","slug":"voiceinteraction-participou-no-idc-no-brasil","status":"publish","type":"post","link":"https:\/\/voice-interaction.com\/tmp-web\/pt\/voiceinteraction-participou-no-idc-no-brasil\/","title":{"rendered":"VoiceInteraction participou num evento da IDC no Brasil"},"content":{"rendered":"<p style=\"text-align: justify;\">Integrando uma miss\u00e3o de empresas nacionais, organizada pela ANETIE, que teve como objectivos primordiais a participa\u00e7\u00e3o num evento promovido pela IDC e a realiza\u00e7\u00e3o de v\u00e1rios contatos bilaterais.<\/p>\n<p style=\"text-align: justify;\">Esta miss\u00e3o teve como objetivo promover a participa\u00e7\u00e3o de um conjunto de empresas nacionais associadas ao Cluster Login.PT Finance num evento especialmente organizado pela IDC, dando a conhecer as val\u00eancias dessas empresas no mercado do Brasil.<\/p>\n<p style=\"text-align: justify;\">A VoiceInteraction apresentou as suas solu\u00e7\u00f5es de Sistemas Telef\u00f3nicos e de Monitoriza\u00e7\u00e3o de Not\u00edcias, tanto na pr\u00f3pria sess\u00e3o do evento como nos restantes contactos\u00a0 realizados durante a Miss\u00e3o. O Brasil \u00e9 um dos mercados priorit\u00e1rios do processo de internacionaliza\u00e7\u00e3o da VoiceInteraction, onde esta conta atualmente com um conjunto de projetos j\u00e1 em execu\u00e7\u00e3o. Esta visita permitiu a explora\u00e7\u00e3o de novas \u00e1reas de mercado e a cria\u00e7\u00e3o de novos acordos de parceria com um conjunto de empresas brasileiras.<\/p>\n<p>&nbsp;<\/p>\n<p><img loading=\"lazy\" decoding=\"async\" style=\"float: left;\" src=\"http:\/\/www.voiceinteraction.pt\/wp-content\/uploads\/2011\/12\/IMG_0564.JPG\" alt=\"IMG_0564\" width=\"240\" height=\"340\" \/><img loading=\"lazy\" decoding=\"async\" src=\"http:\/\/www.voiceinteraction.pt\/wp-content\/uploads\/2011\/12\/IMG_0558.JPG\" alt=\"IMG_0558\" width=\"245\" height=\"164\" \/><img loading=\"lazy\" decoding=\"async\" src=\"http:\/\/www.voiceinteraction.pt\/wp-content\/uploads\/2011\/12\/IMG_0605.JPG\" alt=\"IMG_0605\" width=\"245\" height=\"164\" \/><\/p>\n","protected":false},"excerpt":{"rendered":"<p>Integrando uma miss\u00e3o de empresas nacionais, organizada pela ANETIE, que teve como objectivos primordiais a participa\u00e7\u00e3o&#8230;<\/p>\n","protected":false},"author":2,"featured_media":12327,"comment_status":"closed","ping_status":"closed","sticky":false,"template":"","format":"standard","meta":{"_links_to":"","_links_to_target":"","footnotes":""},"categories":[670],"tags":[],"class_list":["post-277","post","type-post","status-publish","format-standard","has-post-thumbnail","hentry","category-eventos-pt"],"_links":{"self":[{"href":"https:\/\/voice-interaction.com\/tmp-web\/pt\/wp-json\/wp\/v2\/posts\/277","targetHints":{"allow":["GET"]}}],"collection":[{"href":"https:\/\/voice-interaction.com\/tmp-web\/pt\/wp-json\/wp\/v2\/posts"}],"about":[{"href":"https:\/\/voice-interaction.com\/tmp-web\/pt\/wp-json\/wp\/v2\/types\/post"}],"author":[{"embeddable":true,"href":"https:\/\/voice-interaction.com\/tmp-web\/pt\/wp-json\/wp\/v2\/users\/2"}],"replies":[{"embeddable":true,"href":"https:\/\/voice-interaction.com\/tmp-web\/pt\/wp-json\/wp\/v2\/comments?post=277"}],"version-history":[{"count":0,"href":"https:\/\/voice-interaction.com\/tmp-web\/pt\/wp-json\/wp\/v2\/posts\/277\/revisions"}],"wp:featuredmedia":[{"embeddable":true,"href":"https:\/\/voice-interaction.com\/tmp-web\/pt\/wp-json\/wp\/v2\/media\/12327"}],"wp:attachment":[{"href":"https:\/\/voice-interaction.com\/tmp-web\/pt\/wp-json\/wp\/v2\/media?parent=277"}],"wp:term":[{"taxonomy":"category","embeddable":true,"href":"https:\/\/voice-interaction.com\/tmp-web\/pt\/wp-json\/wp\/v2\/categories?post=277"},{"taxonomy":"post_tag","embeddable":true,"href":"https:\/\/voice-interaction.com\/tmp-web\/pt\/wp-json\/wp\/v2\/tags?post=277"}],"curies":[{"name":"wp","href":"https:\/\/api.w.org\/{rel}","templated":true}]}}