{"id":264,"date":"2010-09-27T00:00:00","date_gmt":"2010-09-27T00:00:00","guid":{"rendered":"http:\/\/www.voiceinteraction.pt\/?p=264"},"modified":"2017-11-17T12:39:31","modified_gmt":"2017-11-17T12:39:31","slug":"voiceinteraction-no-portugal-tecnologico-2010","status":"publish","type":"post","link":"https:\/\/voice-interaction.com\/tmp-web\/pt\/voiceinteraction-no-portugal-tecnologico-2010\/","title":{"rendered":"VoiceInteraction no Portugal Tecnol\u00f3gico 2010"},"content":{"rendered":"<p style=\"text-align: justify;\">A VoiceInteraction participou no Portugal Tecnol\u00f3gico 2010, atrav\u00e9s de uma presen\u00e7a no stand da ADI em conjunto com mais de 30 empresas nacionais, tendo apresentado um conjunto de produtos e demonstra\u00e7\u00f5es referentes aos projectos de I&amp;DT em execu\u00e7\u00e3o e financiados no \u00e2mbito do QREN.<\/p>\n<p style=\"text-align: justify;\">A VoiceInteraction esteve presente na FIL nos 5 dias em que decorreu o Portugal Tecnol\u00f3gico, de 22 a 26 de Setembro de 2010, tendo apresentado o seu sistema de transcri\u00e7\u00e3o, segmenta\u00e7\u00e3o e indexa\u00e7\u00e3o de conte\u00fados multim\u00e9dia nas suas v\u00e1rias vertentes. Sendo uma feira de divulga\u00e7\u00e3o tecnol\u00f3gica a VoiceInteraction aproveitou para mostrar os resultados dos seus projectos de I&amp;DT no \u00e2mbito do QREN, assim como promover ac\u00e7\u00f5es de dissemina\u00e7\u00e3o de v\u00e1rios dos seus produtos junto do p\u00fablico em geral.<\/p>\n<p>&nbsp;<\/p>\n<p><img decoding=\"async\" class=\"aligncenter\" style=\"float: left;\" src=\"http:\/\/www.voiceinteraction.pt\/wp-content\/uploads\/2010\/09\/VI-PTec-2010.jpg\" alt=\"VoiceInteraction no Portugal Tecnol\u00f3gico\" \/><\/p>\n<p>&nbsp;<\/p>\n<p>&nbsp;<\/p>\n<p>&nbsp;<\/p>\n<p>&nbsp;<\/p>\n<p>&nbsp;<\/p>\n<p>&nbsp;<\/p>\n<p>&nbsp;<\/p>\n<p>&nbsp;<\/p>\n<p>&nbsp;<\/p>\n<p>&nbsp;<\/p>\n<p><img decoding=\"async\" class=\"aligncenter\" style=\"float: left;\" src=\"http:\/\/www.voiceinteraction.pt\/wp-content\/uploads\/2010\/09\/VI-Ptec2010-all.jpg\" alt=\"VoiceInteraction no Portugal Tecnol\u00f3gico\" \/><\/p>\n<p>&nbsp;<\/p>\n<p>&nbsp;<\/p>\n<p>&nbsp;<\/p>\n<p>&nbsp;<\/p>\n<p>&nbsp;<\/p>\n<p>&nbsp;<\/p>\n<p>&nbsp;<\/p>\n","protected":false},"excerpt":{"rendered":"<p>A VoiceInteraction participou no Portugal Tecnol\u00f3gico 2010, atrav\u00e9s de uma presen\u00e7a no stand da ADI em&#8230;<\/p>\n","protected":false},"author":2,"featured_media":13055,"comment_status":"closed","ping_status":"closed","sticky":false,"template":"","format":"standard","meta":{"_links_to":"","_links_to_target":"","footnotes":""},"categories":[670],"tags":[],"class_list":["post-264","post","type-post","status-publish","format-standard","has-post-thumbnail","hentry","category-eventos-pt"],"_links":{"self":[{"href":"https:\/\/voice-interaction.com\/tmp-web\/pt\/wp-json\/wp\/v2\/posts\/264","targetHints":{"allow":["GET"]}}],"collection":[{"href":"https:\/\/voice-interaction.com\/tmp-web\/pt\/wp-json\/wp\/v2\/posts"}],"about":[{"href":"https:\/\/voice-interaction.com\/tmp-web\/pt\/wp-json\/wp\/v2\/types\/post"}],"author":[{"embeddable":true,"href":"https:\/\/voice-interaction.com\/tmp-web\/pt\/wp-json\/wp\/v2\/users\/2"}],"replies":[{"embeddable":true,"href":"https:\/\/voice-interaction.com\/tmp-web\/pt\/wp-json\/wp\/v2\/comments?post=264"}],"version-history":[{"count":0,"href":"https:\/\/voice-interaction.com\/tmp-web\/pt\/wp-json\/wp\/v2\/posts\/264\/revisions"}],"wp:featuredmedia":[{"embeddable":true,"href":"https:\/\/voice-interaction.com\/tmp-web\/pt\/wp-json\/wp\/v2\/media\/13055"}],"wp:attachment":[{"href":"https:\/\/voice-interaction.com\/tmp-web\/pt\/wp-json\/wp\/v2\/media?parent=264"}],"wp:term":[{"taxonomy":"category","embeddable":true,"href":"https:\/\/voice-interaction.com\/tmp-web\/pt\/wp-json\/wp\/v2\/categories?post=264"},{"taxonomy":"post_tag","embeddable":true,"href":"https:\/\/voice-interaction.com\/tmp-web\/pt\/wp-json\/wp\/v2\/tags?post=264"}],"curies":[{"name":"wp","href":"https:\/\/api.w.org\/{rel}","templated":true}]}}