{"id":250,"date":"2010-04-16T00:00:00","date_gmt":"2010-04-16T00:00:00","guid":{"rendered":"http:\/\/www.voiceinteraction.pt\/?p=250"},"modified":"2017-11-17T15:10:34","modified_gmt":"2017-11-17T15:10:34","slug":"world-voice-day-2010","status":"publish","type":"post","link":"https:\/\/voice-interaction.com\/tmp-web\/pt\/world-voice-day-2010\/","title":{"rendered":"VoiceInteraction associa-se ao World Voice Day 2010 atrav\u00e9s de iniciativas de divulga\u00e7\u00e3o cient\u00edfica"},"content":{"rendered":"<p>A VoiceInteraction assinala este dia associando-se a um conjunto de iniciativas de divulga\u00e7\u00e3o cient\u00edfica e de informa\u00e7\u00e3o dos cuidados a ter para preservar algo t\u00e3o fundamental para todos.<\/p>\n<p>O <a title=\"Dia Mundial da Voz\" href=\"http:\/\/www.diamundialdavoz.com\" target=\"_blank\" rel=\"noopener\">Dia Mundial da Voz<\/a> celebra-se a 16 de Abril e \u00e9 sobretudo uma iniciativa de divulga\u00e7\u00e3o, tanto dos cuidados a ter na sua preserva\u00e7\u00e3o, divulga\u00e7\u00e3o cient\u00edfica associada aos v\u00e1rios processos fisiol\u00f3gicos que est\u00e3o na sua base, assim como na celebra\u00e7\u00e3o dos que mais contribu\u00edram com o seu trabalho para real\u00e7ar a sua import\u00e2ncia.<\/p>\n<p>A VoiceInteraction como empresa a actuar numa \u00e1rea tecnol\u00f3gica completamente ligada \u00e0 voz e \u00e0 fala n\u00e3o podia deixar de se associar a esta iniciativa atrav\u00e9s da participa\u00e7\u00e3o em diferentes iniciativas juntos dos seus parceiros e clientes.<\/p>\n","protected":false},"excerpt":{"rendered":"<p>A VoiceInteraction assinala este dia associando-se a um conjunto de iniciativas de divulga\u00e7\u00e3o cient\u00edfica e de&#8230;<\/p>\n","protected":false},"author":2,"featured_media":13061,"comment_status":"closed","ping_status":"closed","sticky":false,"template":"","format":"standard","meta":{"_links_to":"","_links_to_target":"","footnotes":""},"categories":[670,668],"tags":[],"class_list":["post-250","post","type-post","status-publish","format-standard","has-post-thumbnail","hentry","category-eventos-pt","category-noticias-empresa-pt"],"_links":{"self":[{"href":"https:\/\/voice-interaction.com\/tmp-web\/pt\/wp-json\/wp\/v2\/posts\/250","targetHints":{"allow":["GET"]}}],"collection":[{"href":"https:\/\/voice-interaction.com\/tmp-web\/pt\/wp-json\/wp\/v2\/posts"}],"about":[{"href":"https:\/\/voice-interaction.com\/tmp-web\/pt\/wp-json\/wp\/v2\/types\/post"}],"author":[{"embeddable":true,"href":"https:\/\/voice-interaction.com\/tmp-web\/pt\/wp-json\/wp\/v2\/users\/2"}],"replies":[{"embeddable":true,"href":"https:\/\/voice-interaction.com\/tmp-web\/pt\/wp-json\/wp\/v2\/comments?post=250"}],"version-history":[{"count":0,"href":"https:\/\/voice-interaction.com\/tmp-web\/pt\/wp-json\/wp\/v2\/posts\/250\/revisions"}],"wp:featuredmedia":[{"embeddable":true,"href":"https:\/\/voice-interaction.com\/tmp-web\/pt\/wp-json\/wp\/v2\/media\/13061"}],"wp:attachment":[{"href":"https:\/\/voice-interaction.com\/tmp-web\/pt\/wp-json\/wp\/v2\/media?parent=250"}],"wp:term":[{"taxonomy":"category","embeddable":true,"href":"https:\/\/voice-interaction.com\/tmp-web\/pt\/wp-json\/wp\/v2\/categories?post=250"},{"taxonomy":"post_tag","embeddable":true,"href":"https:\/\/voice-interaction.com\/tmp-web\/pt\/wp-json\/wp\/v2\/tags?post=250"}],"curies":[{"name":"wp","href":"https:\/\/api.w.org\/{rel}","templated":true}]}}