{"id":211,"date":"2009-09-20T16:01:00","date_gmt":"2009-09-20T16:01:00","guid":{"rendered":"http:\/\/www.voiceinteraction.pt\/?p=211"},"modified":"2017-11-17T15:37:00","modified_gmt":"2017-11-17T15:37:00","slug":"voiceinteraction-participa-em-mostra-tecnologica-no-brasil","status":"publish","type":"post","link":"https:\/\/voice-interaction.com\/tmp-web\/pt\/voiceinteraction-participa-em-mostra-tecnologica-no-brasil\/","title":{"rendered":"VoiceInteraction participa em Mostra Tecnol\u00f3gica no Brasil"},"content":{"rendered":"<p style=\"text-align: justify;\">A VoiceInteraction integrou a Miss\u00e3o \/ Mostra Tecnol\u00f3gica que decorreu em S\u00e3o Paulo e no Rio de Janeiro, Brasil.<\/p>\n<p style=\"text-align: justify;\">Organizado pela ANETIE e INOVA-RIA decorreu de 7 a 12 de Setembro de 2009 uma Miss\u00e3o \/ Mostra Tecnol\u00f3gica do Sector TICE Portugu\u00eas ao Brasil, nos dois principais centros empresariais (S. Paulo e Rio de Janeiro), com uma representa\u00e7\u00e3o de cerca de 25 empresas e com a dura\u00e7\u00e3o de 5 dias.<\/p>\n<p style=\"text-align: justify;\">A VoiceInteraction foi uma das empresas participantes nesta Miss\u00e3o \/ Mostra Tecnol\u00f3gica permitindo avaliar a oportunidade de uma ac\u00e7\u00e3o de internacionaliza\u00e7\u00e3o no curto prazo no Brasil. Este evento permitiu um contacto directo com as institui\u00e7\u00f5es governamentais, conhecer ainda melhor o sistema de Ensino Superior no Brasil, contactar com as actividades e grupos de I&amp;DT, analisar a forma\u00e7\u00e3o de t\u00e9cnicos TICE e conhecer as \u00e1reas priorit\u00e1rias dos grandes investimentos que ir\u00e3o ocorrer nos pr\u00f3ximos anos.<\/p>\n<p style=\"text-align: justify;\">Al\u00e9m destes contactos institucionais realizaram-se v\u00e1rios contactos com empresas locais que aderiram \u00e0 Mostra Tecnol\u00f3gica. Desses contactos resultaram v\u00e1rias oportunidades de neg\u00f3cio e de parceria que ser\u00e3o desenvolvidos no futuro pr\u00f3ximo.<\/p>\n","protected":false},"excerpt":{"rendered":"<p>A VoiceInteraction integrou a Miss\u00e3o \/ Mostra Tecnol\u00f3gica que decorreu em S\u00e3o Paulo e no Rio&#8230;<\/p>\n","protected":false},"author":2,"featured_media":13092,"comment_status":"closed","ping_status":"closed","sticky":false,"template":"","format":"standard","meta":{"_links_to":"","_links_to_target":"","footnotes":""},"categories":[670,738],"tags":[],"class_list":["post-211","post","type-post","status-publish","format-standard","has-post-thumbnail","hentry","category-eventos-pt","category-projetos"],"_links":{"self":[{"href":"https:\/\/voice-interaction.com\/tmp-web\/pt\/wp-json\/wp\/v2\/posts\/211","targetHints":{"allow":["GET"]}}],"collection":[{"href":"https:\/\/voice-interaction.com\/tmp-web\/pt\/wp-json\/wp\/v2\/posts"}],"about":[{"href":"https:\/\/voice-interaction.com\/tmp-web\/pt\/wp-json\/wp\/v2\/types\/post"}],"author":[{"embeddable":true,"href":"https:\/\/voice-interaction.com\/tmp-web\/pt\/wp-json\/wp\/v2\/users\/2"}],"replies":[{"embeddable":true,"href":"https:\/\/voice-interaction.com\/tmp-web\/pt\/wp-json\/wp\/v2\/comments?post=211"}],"version-history":[{"count":0,"href":"https:\/\/voice-interaction.com\/tmp-web\/pt\/wp-json\/wp\/v2\/posts\/211\/revisions"}],"wp:featuredmedia":[{"embeddable":true,"href":"https:\/\/voice-interaction.com\/tmp-web\/pt\/wp-json\/wp\/v2\/media\/13092"}],"wp:attachment":[{"href":"https:\/\/voice-interaction.com\/tmp-web\/pt\/wp-json\/wp\/v2\/media?parent=211"}],"wp:term":[{"taxonomy":"category","embeddable":true,"href":"https:\/\/voice-interaction.com\/tmp-web\/pt\/wp-json\/wp\/v2\/categories?post=211"},{"taxonomy":"post_tag","embeddable":true,"href":"https:\/\/voice-interaction.com\/tmp-web\/pt\/wp-json\/wp\/v2\/tags?post=211"}],"curies":[{"name":"wp","href":"https:\/\/api.w.org\/{rel}","templated":true}]}}