{"id":198,"date":"2009-06-08T00:00:00","date_gmt":"2009-06-08T00:00:00","guid":{"rendered":"http:\/\/www.voiceinteraction.pt\/?p=198"},"modified":"2017-11-17T15:40:09","modified_gmt":"2017-11-17T15:40:09","slug":"voiceinteraction-expotec09","status":"publish","type":"post","link":"https:\/\/voice-interaction.com\/tmp-web\/pt\/voiceinteraction-expotec09\/","title":{"rendered":"VoiceInteraction participou na EXPOTEC\u201909 em Viseu"},"content":{"rendered":"<p style=\"text-align: justify;\">Decorreu no Pavilh\u00e3o Multiusos de Viseu de 3 a 7 de Junho de 2009 a EXPOTEC &#8211; Tecnologias e Inova\u00e7\u00e3o, Viseu 2009, organizada pela AIRV \u2014 Associa\u00e7\u00e3o Empresarial da Regi\u00e3o de Viseu e onde a VoiceInteraction esteve presente.<\/p>\n<p style=\"text-align: justify;\">A VoiceInteraction a convite da Direc\u00e7\u00e3o da AIRV participou na EXPOTEC&#8217;09 com uma mostra de alguns dos seus produtos destacando-se o VOXControl, as solu\u00e7\u00f5es de IVR e o recente <em>Media Monitoring Solution<\/em>.<\/p>\n<p style=\"text-align: justify;\">Esta mostra tecnol\u00f3gica resulta do esfor\u00e7o da AIRV em criar na regi\u00e3o de Viseu um clima prop\u00edcio ao desenvolvimento da capacidade inovadora das empresas da regi\u00e3o, potenciando a integra\u00e7\u00e3o de outras empresas dispostas a partilhar desse esfor\u00e7o. A VoiceInteraction, como empresa de base tecnol\u00f3gica e na continuidade da sua ac\u00e7\u00e3o de I&amp;D, integrou-se nesse esfor\u00e7o e actualmente procura dinamizar um conjunto de colabora\u00e7\u00f5es na regi\u00e3o.<\/p>\n<p style=\"text-align: justify;\">Para al\u00e9m dos neg\u00f3cios e parcerias que a VoiceInteraction j\u00e1 possu\u00eda na regi\u00e3o a EXPOTEC&#8217;09, e a ac\u00e7\u00e3o de empreendedorismo patrocinada pela AIRV, permitiu um aumento do n\u00famero de clientes e da carteira de neg\u00f3cios na regi\u00e3o. A VoiceInteraction olha para a regi\u00e3o de Viseu, e para as suas empresas, como um mercado inovador que soube reconhecer o potencial que as nossas tecnologias podiam representar para essas empresas.<\/p>\n","protected":false},"excerpt":{"rendered":"<p>Decorreu no Pavilh\u00e3o Multiusos de Viseu de 3 a 7 de Junho de 2009 a EXPOTEC&#8230;<\/p>\n","protected":false},"author":2,"featured_media":13095,"comment_status":"closed","ping_status":"closed","sticky":false,"template":"","format":"standard","meta":{"_links_to":"","_links_to_target":"","footnotes":""},"categories":[679,670],"tags":[],"class_list":["post-198","post","type-post","status-publish","format-standard","has-post-thumbnail","hentry","category-empresarial-pt","category-eventos-pt"],"_links":{"self":[{"href":"https:\/\/voice-interaction.com\/tmp-web\/pt\/wp-json\/wp\/v2\/posts\/198","targetHints":{"allow":["GET"]}}],"collection":[{"href":"https:\/\/voice-interaction.com\/tmp-web\/pt\/wp-json\/wp\/v2\/posts"}],"about":[{"href":"https:\/\/voice-interaction.com\/tmp-web\/pt\/wp-json\/wp\/v2\/types\/post"}],"author":[{"embeddable":true,"href":"https:\/\/voice-interaction.com\/tmp-web\/pt\/wp-json\/wp\/v2\/users\/2"}],"replies":[{"embeddable":true,"href":"https:\/\/voice-interaction.com\/tmp-web\/pt\/wp-json\/wp\/v2\/comments?post=198"}],"version-history":[{"count":0,"href":"https:\/\/voice-interaction.com\/tmp-web\/pt\/wp-json\/wp\/v2\/posts\/198\/revisions"}],"wp:featuredmedia":[{"embeddable":true,"href":"https:\/\/voice-interaction.com\/tmp-web\/pt\/wp-json\/wp\/v2\/media\/13095"}],"wp:attachment":[{"href":"https:\/\/voice-interaction.com\/tmp-web\/pt\/wp-json\/wp\/v2\/media?parent=198"}],"wp:term":[{"taxonomy":"category","embeddable":true,"href":"https:\/\/voice-interaction.com\/tmp-web\/pt\/wp-json\/wp\/v2\/categories?post=198"},{"taxonomy":"post_tag","embeddable":true,"href":"https:\/\/voice-interaction.com\/tmp-web\/pt\/wp-json\/wp\/v2\/tags?post=198"}],"curies":[{"name":"wp","href":"https:\/\/api.w.org\/{rel}","templated":true}]}}