{"id":17609,"date":"2019-10-07T14:52:34","date_gmt":"2019-10-07T14:52:34","guid":{"rendered":"https:\/\/voice-interaction.com\/tmp-web\/?p=17609"},"modified":"2019-10-14T15:05:47","modified_gmt":"2019-10-14T15:05:47","slug":"expotec-peru-primeira-edicao-da-voiceinteraction","status":"publish","type":"post","link":"https:\/\/voice-interaction.com\/tmp-web\/pt\/expotec-peru-primeira-edicao-da-voiceinteraction\/","title":{"rendered":"EXPOTEC PER\u00da | Primeira Edi\u00e7\u00e3o da VoiceInteraction"},"content":{"rendered":"<p><strong><span style=\"font-size: 18px;\">Um dos pilares em que a VoiceInteraction assenta o seu crescimento \u00e9 a internacionaliza\u00e7\u00e3o. Como tal, temos que estar onde est\u00e1 a ind\u00fastria e os nossos potenciais clientes!&nbsp;<\/span><\/strong><\/p>\n<p><span style=\"font-size: 18px;\">Desta forma, estivemos &#8211; juntamente com a <a href=\"https:\/\/www.eitv.com.br\/\">EiTV<\/a> &#8211; na nossa primeira edi\u00e7\u00e3o da <a href=\"http:\/\/www.expotecperu.com\/index.php\/informacion-general\">EXPOTEC Per\u00fa<\/a>. Trata-se do mais importante e tecnol\u00f3gico evento de r\u00e1dio e televis\u00e3o no Per\u00fa, onde todos os profissionais de juntam para dois dias de partilha de conhecimento!&nbsp;<\/span><\/p>\n<p><span style=\"font-size: 18px;\">E n\u00f3s estiv\u00e9mos l\u00e1!&nbsp;<\/span><\/p>\n<p>&nbsp;<\/p>\n<div id=\"image-gallery-2eb80449f0508acc8a1840fa066679d1\" class=\"sh-image-gallery sh-image-gallery-container sh-image-gallery-dots1\"  data-columns=\"2\">\n\t\t\t<div class=\"sh-image-gallery-item\">\n\t\t\t<div class=\"sh-gallery-item\">\n\t\t\t\t<div class=\"post-meta-thumb\">\n\n\t\t\t\t\t\t\t\t\t\t\t<img decoding=\"async\" src=\"https:\/\/voice-interaction.com\/tmp-web\/wp-content\/uploads\/2019\/10\/Expotec-03_1-660x660.jpg\" alt=\"Expotec 03_1\" \/>\n\t\t\t\t\t\n\t\t\t\t\t\t\t\t\t\t\t\n        <div class=\"sh-overlay-style1\">\n            <div class=\"sh-table-full\">\n                \n                                    <a href=\"https:\/\/voice-interaction.com\/tmp-web\/wp-content\/uploads\/2019\/10\/Expotec-03_1-605x1024.jpg\" class=\"sh-overlay-item sh-table-cell\" data-rel=\"lightcase:imgCollection2eb80449f0508acc8a1840fa066679d1\">\n                        <div class=\"sh-overlay-item-container\">\n                            <i class=\"icon-magnifier-add\"><\/i>\n                        <\/div>\n                    <\/a>\n                            <\/div>\n        <\/div>\n\n    \t\t\t\t\t\t\t\t\t<\/div>\n\t\t\t<\/div>\n\t\t<\/div>\n\t\t\t<div class=\"sh-image-gallery-item\">\n\t\t\t<div class=\"sh-gallery-item\">\n\t\t\t\t<div class=\"post-meta-thumb\">\n\n\t\t\t\t\t\t\t\t\t\t\t<img decoding=\"async\" src=\"https:\/\/voice-interaction.com\/tmp-web\/wp-content\/uploads\/2019\/10\/Expotec-02-660x660.jpg\" alt=\"Expotec 02\" \/>\n\t\t\t\t\t\n\t\t\t\t\t\t\t\t\t\t\t\n        <div class=\"sh-overlay-style1\">\n            <div class=\"sh-table-full\">\n                \n                                    <a href=\"https:\/\/voice-interaction.com\/tmp-web\/wp-content\/uploads\/2019\/10\/Expotec-02-1024x498.jpg\" class=\"sh-overlay-item sh-table-cell\" data-rel=\"lightcase:imgCollection2eb80449f0508acc8a1840fa066679d1\">\n                        <div class=\"sh-overlay-item-container\">\n                            <i class=\"icon-magnifier-add\"><\/i>\n                        <\/div>\n                    <\/a>\n                            <\/div>\n        <\/div>\n\n    \t\t\t\t\t\t\t\t\t<\/div>\n\t\t\t<\/div>\n\t\t<\/div>\n\t<\/div>\n<span style=\"font-size: 18px;\">Se passou pelo nosso stand e ficou com d\u00favidas ou gostaria de receber mais informa\u00e7\u00e3o, n\u00e3o hesite em c0ntactar:&nbsp;https:\/\/bit.ly\/2IPRpx1<\/span><\/p>\n","protected":false},"excerpt":{"rendered":"<p>Um dos pilares em que a VoiceInteraction assenta o seu crescimento \u00e9 a internacionaliza\u00e7\u00e3o. Como tal,&#8230;<\/p>\n","protected":false},"author":9,"featured_media":17600,"comment_status":"open","ping_status":"open","sticky":false,"template":"","format":"standard","meta":{"_links_to":"","_links_to_target":"","footnotes":""},"categories":[666,670,668,753],"tags":[986,989,987,988],"class_list":["post-17609","post","type-post","status-publish","format-standard","has-post-thumbnail","hentry","category-empresa-pt-pt","category-eventos-pt","category-noticias-empresa-pt","category-parcerias-pt","tag-closed-captioning-pt","tag-eitv-pt","tag-expotec-peru-pt","tag-parceiros-pt"],"_links":{"self":[{"href":"https:\/\/voice-interaction.com\/tmp-web\/pt\/wp-json\/wp\/v2\/posts\/17609","targetHints":{"allow":["GET"]}}],"collection":[{"href":"https:\/\/voice-interaction.com\/tmp-web\/pt\/wp-json\/wp\/v2\/posts"}],"about":[{"href":"https:\/\/voice-interaction.com\/tmp-web\/pt\/wp-json\/wp\/v2\/types\/post"}],"author":[{"embeddable":true,"href":"https:\/\/voice-interaction.com\/tmp-web\/pt\/wp-json\/wp\/v2\/users\/9"}],"replies":[{"embeddable":true,"href":"https:\/\/voice-interaction.com\/tmp-web\/pt\/wp-json\/wp\/v2\/comments?post=17609"}],"version-history":[{"count":3,"href":"https:\/\/voice-interaction.com\/tmp-web\/pt\/wp-json\/wp\/v2\/posts\/17609\/revisions"}],"predecessor-version":[{"id":17612,"href":"https:\/\/voice-interaction.com\/tmp-web\/pt\/wp-json\/wp\/v2\/posts\/17609\/revisions\/17612"}],"wp:featuredmedia":[{"embeddable":true,"href":"https:\/\/voice-interaction.com\/tmp-web\/pt\/wp-json\/wp\/v2\/media\/17600"}],"wp:attachment":[{"href":"https:\/\/voice-interaction.com\/tmp-web\/pt\/wp-json\/wp\/v2\/media?parent=17609"}],"wp:term":[{"taxonomy":"category","embeddable":true,"href":"https:\/\/voice-interaction.com\/tmp-web\/pt\/wp-json\/wp\/v2\/categories?post=17609"},{"taxonomy":"post_tag","embeddable":true,"href":"https:\/\/voice-interaction.com\/tmp-web\/pt\/wp-json\/wp\/v2\/tags?post=17609"}],"curies":[{"name":"wp","href":"https:\/\/api.w.org\/{rel}","templated":true}]}}