{"id":16133,"date":"2019-01-27T14:50:11","date_gmt":"2019-01-27T14:50:11","guid":{"rendered":"https:\/\/voice-interaction.com\/tmp-web\/?p=16133"},"modified":"2019-02-28T10:45:51","modified_gmt":"2019-02-28T10:45:51","slug":"workshop-da-rtve-sobre-acessibilidade-e-nos-estivemos-la","status":"publish","type":"post","link":"https:\/\/voice-interaction.com\/tmp-web\/pt\/workshop-da-rtve-sobre-acessibilidade-e-nos-estivemos-la\/","title":{"rendered":"Workshop da RTVE sobre Acessibilidade e n\u00f3s estivemos l\u00e1!"},"content":{"rendered":"<h3>Presen\u00e7a da VoiceInteraction no Workshop em Acessibilidade realizado pela&nbsp;<a href=\"http:\/\/www.rtve.es\/\">RTVE<\/a>, no dia 26 de Janeiro.<\/h3>\n<p>O nosso colega, Alexandre David, apresentou ao painel presente, a nossa inovadora solu\u00e7\u00e3o de <a href=\"\/?p=11694\">Legendagem Autom\u00e1tica<\/a> para programas ao vivo.<\/p>\n<p>&#8220;Um agradecimento especial \u00e0 RTVE por ter estendido o convite para a VoiceInteraction. Foi uma manh\u00e3 muito gratificante e rica em partilha de conhecimentos!&#8221;<\/p>\n<p>Se quer saber mais, n\u00e3o hesite e <a href=\"https:\/\/bit.ly\/2T1tYrM\">contacte-nos<\/a>!<\/p>\n<p>&nbsp;<\/p>\n<p>&nbsp;<\/p>\n\n<div id=\"single-image-b7b7ed79885c9c4bb951f4e417cd8c76\" class=\"sh-single-image  \">\n\t<div class=\"sh-element-margin\">\n\t\t\n\t\t\n\t\t\t<div class=\"sh-single-image-container\">\n\t\t\t\t\t\t\t\t\t\t\t\t\t\t\t<a href=\"http:\/\/www.tmbroadcast.es\/index.php\/impulsa-vision-rtve-accesibilidad\/\">\n\t\t\t\t\t\n\t\t\t\t\t\t\t\t\t\t\t\t\t<img decoding=\"async\" class=\"sh-image-url\" src=\"https:\/\/voice-interaction.com\/tmp-web\/wp-content\/uploads\/2019\/02\/VoiceInteraction-RTVE-Workshop-1024x724.jpg\" alt=\"VoiceInteraction-RTVE-Workshop\" \/>\n\t\t\t\t\t\t\t\t\t\t\t\t\t\n\t\t\t\t\t\t\t\t\t\t\t<\/a>\n\t\t\t\t\t\t\t\t\t\n\t\t\t\t\t\t\t<\/div>\n\n\t\t\n\t<\/div>\n<\/div>\n\n<p>&nbsp;<\/p>\n","protected":false},"excerpt":{"rendered":"<p>Presen\u00e7a da VoiceInteraction no Workshop em Acessibilidade realizado pela&nbsp;RTVE, no dia 26 de Janeiro. O nosso&#8230;<\/p>\n","protected":false},"author":9,"featured_media":16125,"comment_status":"open","ping_status":"open","sticky":false,"template":"","format":"standard","meta":{"_links_to":"","_links_to_target":"","footnotes":""},"categories":[666,670,537,668],"tags":[851,400,805,859,862],"class_list":["post-16133","post","type-post","status-publish","format-standard","has-post-thumbnail","hentry","category-empresa-pt-pt","category-eventos-pt","category-legendagem-automatica","category-noticias-empresa-pt","tag-analise-audiencias-pt","tag-audimus-media-pt","tag-espanhol-pt","tag-speech-recognition-eu-pt","tag-subtitling-regulation-pt"],"_links":{"self":[{"href":"https:\/\/voice-interaction.com\/tmp-web\/pt\/wp-json\/wp\/v2\/posts\/16133","targetHints":{"allow":["GET"]}}],"collection":[{"href":"https:\/\/voice-interaction.com\/tmp-web\/pt\/wp-json\/wp\/v2\/posts"}],"about":[{"href":"https:\/\/voice-interaction.com\/tmp-web\/pt\/wp-json\/wp\/v2\/types\/post"}],"author":[{"embeddable":true,"href":"https:\/\/voice-interaction.com\/tmp-web\/pt\/wp-json\/wp\/v2\/users\/9"}],"replies":[{"embeddable":true,"href":"https:\/\/voice-interaction.com\/tmp-web\/pt\/wp-json\/wp\/v2\/comments?post=16133"}],"version-history":[{"count":4,"href":"https:\/\/voice-interaction.com\/tmp-web\/pt\/wp-json\/wp\/v2\/posts\/16133\/revisions"}],"predecessor-version":[{"id":16138,"href":"https:\/\/voice-interaction.com\/tmp-web\/pt\/wp-json\/wp\/v2\/posts\/16133\/revisions\/16138"}],"wp:featuredmedia":[{"embeddable":true,"href":"https:\/\/voice-interaction.com\/tmp-web\/pt\/wp-json\/wp\/v2\/media\/16125"}],"wp:attachment":[{"href":"https:\/\/voice-interaction.com\/tmp-web\/pt\/wp-json\/wp\/v2\/media?parent=16133"}],"wp:term":[{"taxonomy":"category","embeddable":true,"href":"https:\/\/voice-interaction.com\/tmp-web\/pt\/wp-json\/wp\/v2\/categories?post=16133"},{"taxonomy":"post_tag","embeddable":true,"href":"https:\/\/voice-interaction.com\/tmp-web\/pt\/wp-json\/wp\/v2\/tags?post=16133"}],"curies":[{"name":"wp","href":"https:\/\/api.w.org\/{rel}","templated":true}]}}