{"id":13426,"date":"2017-12-13T18:44:08","date_gmt":"2017-12-13T18:44:08","guid":{"rendered":"https:\/\/voice-interaction.com\/tmp-web\/?p=13426"},"modified":"2018-05-17T11:34:00","modified_gmt":"2018-05-17T11:34:00","slug":"cm-alenquer-e-ces-adquirem-audimus-server","status":"publish","type":"post","link":"https:\/\/voice-interaction.com\/tmp-web\/pt\/cm-alenquer-e-ces-adquirem-audimus-server\/","title":{"rendered":"CM Set\u00fabal, CM Alenquer e CES adquirem Audimus.Server"},"content":{"rendered":"<p>As Camaras Municipais de Alenquer e Set\u00fabal e o Conselho Econ\u00f3mico Social s\u00e3o as entidades da Administra\u00e7\u00e3o P\u00fablica mais recentes em Portugal a utilizar o Audimus.Server para elabora\u00e7\u00e3o de atas de reuni\u00f5es. \u00c0\u00a0semelhan\u00e7a do quem a VoiceInteraction tem vindo a promover nestes casos, o processo envolveu uma fase de testes, em que foram colocados v\u00e1rios \u00e1udios de ambas as entidades a transcrever para verifica\u00e7\u00e3o da precis\u00e3o e qualidade do \u00e1udio.<\/p>\n<p>\u201cA VoiceInteraction tem vindo a desenvolver um trabalho de promo\u00e7\u00e3o desta ferramenta, que acredita poder fazer a diferen\u00e7a no processo trabalhoso e moroso de escrever atas de reuni\u00f5es. E foi para facilitar esse processo que a VoiceInteraction desenhou uma ferramenta moderna, intuitiva e simples de utilizar\u201d, comenta Alexandre David, sales manager em territ\u00f3rio nacional. \u201cEstamos muito satisfeitos com a aceita\u00e7\u00e3o do Audimus.Server e vamos continuar a promover a experimenta\u00e7\u00e3o deste software, que atualmente est\u00e1 a ser testado por mais de 30 c\u00e2maras municipais\u201d, acrescenta.<\/p>\n<p>O Audimus.Server j\u00e1 \u00e9 utilizado por v\u00e1rias entidades de refer\u00eancia em Portugal na \u00e1rea de administra\u00e7\u00e3o p\u00fablica: pelas c\u00e2maras municipais de Lisboa, Porto, Guimar\u00e3es, S\u00e3o Jo\u00e3o da Madeira, Bombarral, Alenquer, Sintra, Set\u00fabal, Castro Marim, e pela Presid\u00eancia da Rep\u00fablica.<\/p>\n","protected":false},"excerpt":{"rendered":"<p>As Camaras Municipais de Alenquer e Set\u00fabal e o Conselho Econ\u00f3mico Social s\u00e3o as entidades da&#8230;<\/p>\n","protected":false},"author":3,"featured_media":13437,"comment_status":"open","ping_status":"open","sticky":false,"template":"","format":"standard","meta":{"_links_to":"","_links_to_target":"","footnotes":""},"categories":[685,534],"tags":[399,840],"class_list":["post-13426","post","type-post","status-publish","format-standard","has-post-thumbnail","hentry","category-governo-pt","category-transcricao-pt","tag-audimus-server-pt","tag-camaras-municipais-pt"],"_links":{"self":[{"href":"https:\/\/voice-interaction.com\/tmp-web\/pt\/wp-json\/wp\/v2\/posts\/13426","targetHints":{"allow":["GET"]}}],"collection":[{"href":"https:\/\/voice-interaction.com\/tmp-web\/pt\/wp-json\/wp\/v2\/posts"}],"about":[{"href":"https:\/\/voice-interaction.com\/tmp-web\/pt\/wp-json\/wp\/v2\/types\/post"}],"author":[{"embeddable":true,"href":"https:\/\/voice-interaction.com\/tmp-web\/pt\/wp-json\/wp\/v2\/users\/3"}],"replies":[{"embeddable":true,"href":"https:\/\/voice-interaction.com\/tmp-web\/pt\/wp-json\/wp\/v2\/comments?post=13426"}],"version-history":[{"count":0,"href":"https:\/\/voice-interaction.com\/tmp-web\/pt\/wp-json\/wp\/v2\/posts\/13426\/revisions"}],"wp:featuredmedia":[{"embeddable":true,"href":"https:\/\/voice-interaction.com\/tmp-web\/pt\/wp-json\/wp\/v2\/media\/13437"}],"wp:attachment":[{"href":"https:\/\/voice-interaction.com\/tmp-web\/pt\/wp-json\/wp\/v2\/media?parent=13426"}],"wp:term":[{"taxonomy":"category","embeddable":true,"href":"https:\/\/voice-interaction.com\/tmp-web\/pt\/wp-json\/wp\/v2\/categories?post=13426"},{"taxonomy":"post_tag","embeddable":true,"href":"https:\/\/voice-interaction.com\/tmp-web\/pt\/wp-json\/wp\/v2\/tags?post=13426"}],"curies":[{"name":"wp","href":"https:\/\/api.w.org\/{rel}","templated":true}]}}