{"id":124,"date":"2008-09-16T09:17:00","date_gmt":"2008-09-16T09:17:00","guid":{"rendered":"http:\/\/www.voiceinteraction.pt\/?p=124"},"modified":"2017-11-17T15:23:54","modified_gmt":"2017-11-17T15:23:54","slug":"sessao-tecnovoz","status":"publish","type":"post","link":"https:\/\/voice-interaction.com\/tmp-web\/pt\/sessao-tecnovoz\/","title":{"rendered":"Sess\u00e3o de Divulga\u00e7\u00e3o de Resultados do TECNOVOZ"},"content":{"rendered":"<p class=\"MsoNormal\" style=\"text-align: justify;\">No passado dia 24 de Setembro, a VoiceInteraction participou nesta sess\u00e3o promovida pelo TECNOVOZ, que teve lugar no CCB, em Lisboa. A VoiceInteraction, enquanto <em>spin-off<\/em> do INESC-ID, apresentou v\u00e1rias demonstra\u00e7\u00f5es dos seu produtos, em colabora\u00e7\u00e3o com o L2F\/INESC-ID.<\/p>\n<p class=\"MsoNormal\" style=\"text-align: justify;\">O projecto TECNOVOZ (ADI\/PRIME\/03\/165 &#8211; 2006\/2008) realizou a Sess\u00e3o de Divulga\u00e7\u00e3o de Resultados do projecto no passado dia 24 de Setembro, no Centro Cultural de Bel\u00e9m, em Lisboa. Esta sess\u00e3o contou com a presen\u00e7a do Dr. Lu\u00eds Filipe Costa, Presidente do IAPMEI em representa\u00e7\u00e3o do Sr. Secret\u00e1rio de Estado Adjunto da Economia, Prof. Castro Guerra, e de v\u00e1rias individualidades convidadas. Al\u00e9m de um conjunto de apresenta\u00e7\u00f5es, esteve patente uma exposi\u00e7\u00e3o na qual os visitantes puderam assistir a v\u00e1rias demonstra\u00e7\u00f5es dos resultados do trabalho desenvolvido no projecto.<\/p>\n<p class=\"MsoNormal\" style=\"text-align: justify;\">A participa\u00e7\u00e3o do L2F\/INESC-ID no TECNOVOZ permitiu o desenvolvimento de um conjunto de tecnologias que foi transferido para as empresas do cons\u00f3rcio e que teve como consequ\u00eancia a cria\u00e7\u00e3o da VoiceInteraction, com o intuito de explorar comercialmente essas mesmas tecnologias.<\/p>\n<p class=\"MsoNormal\" style=\"text-align: justify;\">Nesta sess\u00e3o, a VoiceInteraction foi apresentada e mostrou alguns dos seus produtos, sendo poss\u00edvel aos visitantes interagir com os mesmos e perceber as vantagens que adv\u00eam da sua utiliza\u00e7\u00e3o e as facilidades de que poder\u00e3o usufruir.<\/p>\n<p class=\"MsoNormal\">\n","protected":false},"excerpt":{"rendered":"<p>No passado dia 24 de Setembro, a VoiceInteraction participou nesta sess\u00e3o promovida pelo TECNOVOZ, que teve&#8230;<\/p>\n","protected":false},"author":2,"featured_media":8453,"comment_status":"closed","ping_status":"closed","sticky":false,"template":"","format":"standard","meta":{"_links_to":"","_links_to_target":"","footnotes":""},"categories":[670,738],"tags":[],"class_list":["post-124","post","type-post","status-publish","format-standard","has-post-thumbnail","hentry","category-eventos-pt","category-projetos"],"_links":{"self":[{"href":"https:\/\/voice-interaction.com\/tmp-web\/pt\/wp-json\/wp\/v2\/posts\/124","targetHints":{"allow":["GET"]}}],"collection":[{"href":"https:\/\/voice-interaction.com\/tmp-web\/pt\/wp-json\/wp\/v2\/posts"}],"about":[{"href":"https:\/\/voice-interaction.com\/tmp-web\/pt\/wp-json\/wp\/v2\/types\/post"}],"author":[{"embeddable":true,"href":"https:\/\/voice-interaction.com\/tmp-web\/pt\/wp-json\/wp\/v2\/users\/2"}],"replies":[{"embeddable":true,"href":"https:\/\/voice-interaction.com\/tmp-web\/pt\/wp-json\/wp\/v2\/comments?post=124"}],"version-history":[{"count":0,"href":"https:\/\/voice-interaction.com\/tmp-web\/pt\/wp-json\/wp\/v2\/posts\/124\/revisions"}],"wp:featuredmedia":[{"embeddable":true,"href":"https:\/\/voice-interaction.com\/tmp-web\/pt\/wp-json\/wp\/v2\/media\/8453"}],"wp:attachment":[{"href":"https:\/\/voice-interaction.com\/tmp-web\/pt\/wp-json\/wp\/v2\/media?parent=124"}],"wp:term":[{"taxonomy":"category","embeddable":true,"href":"https:\/\/voice-interaction.com\/tmp-web\/pt\/wp-json\/wp\/v2\/categories?post=124"},{"taxonomy":"post_tag","embeddable":true,"href":"https:\/\/voice-interaction.com\/tmp-web\/pt\/wp-json\/wp\/v2\/tags?post=124"}],"curies":[{"name":"wp","href":"https:\/\/api.w.org\/{rel}","templated":true}]}}