{"id":122,"date":"2008-09-11T00:00:00","date_gmt":"2008-09-11T00:00:00","guid":{"rendered":"http:\/\/www.voiceinteraction.pt\/?p=122"},"modified":"2017-11-17T15:22:00","modified_gmt":"2017-11-17T15:22:00","slug":"voiceinteraction-participa-no-propor2008","status":"publish","type":"post","link":"https:\/\/voice-interaction.com\/tmp-web\/pt\/voiceinteraction-participa-no-propor2008\/","title":{"rendered":"VoiceInteraction demonstra produtos no PROPOR2008"},"content":{"rendered":"<p style=\"text-align: justify;\">Decorreu na Curia, entre 8 e 10 de Setembro, a Confer\u00eancia Internacional sobre o Processamento Computacional do Portugu\u00eas (PROPOR). A VoiceInteraction participou no evento, em conjunto com o L2F\/INESC-ID, com a apresenta\u00e7\u00e3o de alguns produtos na sess\u00e3o de demonstra\u00e7\u00f5es promovida pela Microsoft.<\/p>\n<p style=\"text-align: justify;\">A VoiceInteraction e o L2F\/INESC-ID apresentaram em conjunto v\u00e1rios artigos cient\u00edficos, na \u00e1rea do reconhecimento e s\u00edntese de fala e de sistemas de di\u00e1logo, no PROPOR2008. Al\u00e9m dos artigos, foram apresentadas v\u00e1rias demonstra\u00e7\u00f5es de alguns dos produtos que a VoiceInteraction disponibiliza. Esta sess\u00e3o de demonstra\u00e7\u00f5es serviu como ensaio para a Sess\u00e3o de Divulga\u00e7\u00e3o dos Resultados do Tecnovoz, que ir\u00e1 decorrer no pr\u00f3ximo dia 24 de Setembro no CCB. Aqui, a VoiceInteraction ir\u00e1 apresentar um conjunto de produtos que resultaram da participa\u00e7\u00e3o do L2F\/INESC-ID no Tecnovoz e que foram transferidos para a VoiceInteraction, no \u00e2mbito da sua cria\u00e7\u00e3o como <em>spin-off<\/em> do INESC-ID.<\/p>\n<p>&nbsp;<\/p>\n<table border=\"0\">\n<tbody>\n<tr>\n<td><img loading=\"lazy\" decoding=\"async\" src=\"https:\/\/voice-interaction.com\/tmp-web\/wp-content\/uploads\/2008\/09\/propor08-1.jpg\" alt=\"\" width=\"200\" height=\"133\" \/><\/td>\n<td><img loading=\"lazy\" decoding=\"async\" src=\"https:\/\/voice-interaction.com\/tmp-web\/wp-content\/uploads\/2008\/09\/propor08-2.jpg\" alt=\"\" width=\"200\" height=\"133\" \/><\/td>\n<td><img loading=\"lazy\" decoding=\"async\" src=\"https:\/\/voice-interaction.com\/tmp-web\/wp-content\/uploads\/2008\/09\/propor08-3.jpg\" alt=\"\" width=\"200\" height=\"133\" \/><\/td>\n<\/tr>\n<tr>\n<td><img loading=\"lazy\" decoding=\"async\" src=\"https:\/\/voice-interaction.com\/tmp-web\/wp-content\/uploads\/2008\/09\/propor08-4.jpg\" alt=\"\" width=\"200\" height=\"133\" \/><\/td>\n<td><img loading=\"lazy\" decoding=\"async\" src=\"https:\/\/voice-interaction.com\/tmp-web\/wp-content\/uploads\/2008\/09\/propor08-5.jpg\" alt=\"\" width=\"200\" height=\"133\" \/><\/td>\n<td><\/td>\n<\/tr>\n<\/tbody>\n<\/table>\n<p style=\"text-align: justify;\"><strong>Artigos:<\/strong><\/p>\n<p style=\"text-align: justify;\"><em>Automatic classification and transcription of telephone speech in radio broadcast data <\/em> &#8211; Alberto Abad, Hugo Meinedo, Jo\u00e3o Neto<\/p>\n<p style=\"text-align: justify;\"><em>A Platform of Distributed Speech Recognition for the European Portuguese <\/em> &#8211; Jo\u00e3o Miranda, Jo\u00e3o Neto<\/p>\n<p style=\"text-align: justify;\"><em>Domain adaptation of a Broadcast News transcription system for the Portuguese Parliament <\/em> &#8211; Lu\u00eds Neves, Ciro Martins, Hugo Meinedo, Jo\u00e3o Neto<\/p>\n<p style=\"text-align: justify;\"><em>Statistical Machine Translation of Broadcast News from Spanish to Portuguese <\/em> &#8211; Raquel Sanchez, Jo\u00e3o Neto, Diamantino Caseiro<\/p>\n<p style=\"text-align: justify;\"><em>DIXI &#8211; A Generic Text-to-Speech System for European Portuguese <\/em> &#8211; S\u00e9rgio Paulo, Lu\u00eds Oliveira, Carlos Mendes, Lu\u00eds Figueira, Renato Cassaca, C\u00e9u Viana, Helena Moniz<\/p>\n<p style=\"text-align: justify;\"><em>A Spoken Dialog System Speech Interface based on a Microphone Array <\/em> &#8211; Gustavo Coelho, Ant\u00f3nio Serralheiro, Jo\u00e3o Neto<\/p>\n<p style=\"text-align: justify;\"><em>Dynamic Language Modeling for the European Portuguese <\/em> &#8211; Ciro Martins, Ant\u00f3nio Teixeira, Jo\u00e3o Neto<\/p>\n<p style=\"text-align: justify;\"><em>Using system expectations to manage user interactions <\/em> &#8211; Filipe Martins, Ana Mendes, Joana Paulo Pardal, Nuno Mamede, Jo\u00e3o Neto<\/p>\n<p style=\"text-align: justify;\"><em>Comparison of phonetic segmentation tools for European Portuguese <\/em> &#8211; Lu\u00eds Figueira, Lu\u00eds Oliveira<\/p>\n<p style=\"text-align: justify;\"><strong>Demonstra\u00e7\u00f5es:<\/strong><\/p>\n<p style=\"text-align: justify;\"><em>A Spoken Interface for an Operating System <\/em><\/p>\n<p style=\"text-align: justify;\"><em>A Dictation Sytem for a PDA <\/em><\/p>\n<p style=\"text-align: justify;\"><em>A QA System for Museums Based on a Spoken Interface <\/em><\/p>\n<p style=\"text-align: justify;\"><em>VICENTE a 3D Animated Agent for Human-Machine Interactions <\/em><\/p>\n<p style=\"text-align: justify;\"><em>Broadcast News Subtitling System in Portuguese<\/em><\/p>\n<p>&nbsp;<\/p>\n","protected":false},"excerpt":{"rendered":"<p>Decorreu na Curia, entre 8 e 10 de Setembro, a Confer\u00eancia Internacional sobre o Processamento Computacional&#8230;<\/p>\n","protected":false},"author":2,"featured_media":13070,"comment_status":"closed","ping_status":"closed","sticky":false,"template":"","format":"standard","meta":{"_links_to":"","_links_to_target":"","footnotes":""},"categories":[670,738],"tags":[],"class_list":["post-122","post","type-post","status-publish","format-standard","has-post-thumbnail","hentry","category-eventos-pt","category-projetos"],"_links":{"self":[{"href":"https:\/\/voice-interaction.com\/tmp-web\/pt\/wp-json\/wp\/v2\/posts\/122","targetHints":{"allow":["GET"]}}],"collection":[{"href":"https:\/\/voice-interaction.com\/tmp-web\/pt\/wp-json\/wp\/v2\/posts"}],"about":[{"href":"https:\/\/voice-interaction.com\/tmp-web\/pt\/wp-json\/wp\/v2\/types\/post"}],"author":[{"embeddable":true,"href":"https:\/\/voice-interaction.com\/tmp-web\/pt\/wp-json\/wp\/v2\/users\/2"}],"replies":[{"embeddable":true,"href":"https:\/\/voice-interaction.com\/tmp-web\/pt\/wp-json\/wp\/v2\/comments?post=122"}],"version-history":[{"count":0,"href":"https:\/\/voice-interaction.com\/tmp-web\/pt\/wp-json\/wp\/v2\/posts\/122\/revisions"}],"wp:featuredmedia":[{"embeddable":true,"href":"https:\/\/voice-interaction.com\/tmp-web\/pt\/wp-json\/wp\/v2\/media\/13070"}],"wp:attachment":[{"href":"https:\/\/voice-interaction.com\/tmp-web\/pt\/wp-json\/wp\/v2\/media?parent=122"}],"wp:term":[{"taxonomy":"category","embeddable":true,"href":"https:\/\/voice-interaction.com\/tmp-web\/pt\/wp-json\/wp\/v2\/categories?post=122"},{"taxonomy":"post_tag","embeddable":true,"href":"https:\/\/voice-interaction.com\/tmp-web\/pt\/wp-json\/wp\/v2\/tags?post=122"}],"curies":[{"name":"wp","href":"https:\/\/api.w.org\/{rel}","templated":true}]}}