{"id":2636,"date":"2016-07-14T14:20:06","date_gmt":"2016-07-14T14:20:06","guid":{"rendered":"http:\/\/www.voiceinteraction.com.br\/?p=2636"},"modified":"2017-12-14T16:26:52","modified_gmt":"2017-12-14T16:26:52","slug":"voiceinteraction-brasil-participa-do-set-expo-2016","status":"publish","type":"post","link":"https:\/\/voice-interaction.com\/tmp-web\/br\/voiceinteraction-brasil-participa-do-set-expo-2016\/","title":{"rendered":"VoiceInteraction Brasil participa do SET EXPO 2016"},"content":{"rendered":"<p style=\"text-align: justify;\">A VoiceInteraction participar\u00e1 da 28\u00aa edi\u00e7\u00e3o do SET EXPO 2016, que acontece de 30 de agosto a 1 de setembro, no EXPO CENTER NORTE, em S\u00e3o Paulo, a fim de demonstrar os mais recentes desenvolvimentos das suas solu\u00e7\u00f5es autom\u00e1ticas para produ\u00e7\u00e3o de <em>closed captions<\/em> e monitoramento dos m\u00eddia.<\/p>\n<p style=\"text-align: justify;\">A VoiceInteraction apresentar\u00e1 no SET EXPO 2015 a 4\u00aa Gera\u00e7\u00e3o do seu Sistema de Legendagem Autom\u00e1tica (<a href=\"http:\/\/www.voiceinteraction.com.br\/?page_id=376\">AUDIMUS.MEDIA<\/a>), incorporando j\u00e1 todos os novos m\u00f3dulos desenvolvidos especificamente para o Portugu\u00eas do Brasil.\u00a0 A 4\u00aa gera\u00e7\u00e3o do sistema resultou, entre outras coisas, da integra\u00e7\u00e3o de um novo mecanismo de modela\u00e7\u00e3o ac\u00fastica (usando uma abordagem baseada em\u00a0<em>Deep Learning<\/em>) que permitiu otimizar o desempenho da tecnologia de reconhecimento de voz da VoiceInteraction.<\/p>\n<p style=\"text-align: justify;\">Durante o evento, a variante <em>Broadcast Edition<\/em> do j\u00e1 conhecido <a href=\"http:\/\/www.voiceinteraction.com.br\/?page_id=2373\">MMS &#8211; Broadcast Edition<\/a> &#8212; sistema de monitoriza\u00e7\u00e3o de conte\u00fados difundidos nos media, desenvolvido para responder \u00e0s necessidades espec\u00edficas das emissoras de televis\u00e3o e organismos p\u00fablicos com responsabilidades de regula\u00e7\u00e3o &#8212; merecer\u00e1 tamb\u00e9m, e certamente, a aten\u00e7\u00e3o dos visitantes, dadas as suas caracter\u00edsticas \u00fanicas quer ao n\u00edvel das funcionalidades de grava\u00e7\u00e3o de arquivo, quer de busca e alerta de mat\u00e9rias, ou ainda, de an\u00e1lise competitiva de canais concorrentes.<\/p>\n<p>Tanto o <em>AUDIMUS.MEDIA<\/em> como o <em>MMS<\/em> poder\u00e3o ser avaliados <em>in loco <\/em>atrav\u00e9s das demonstra\u00e7\u00f5es\u00a0&#8212; cobrindo as principais funcionalidades dos sistemas\u00a0 &#8212; feitas pelos nossos t\u00e9cnicos especializados que estar\u00e3o, tamb\u00e9m, dispon\u00edveis para o esclarecimento de todas as suas d\u00favidas. A <em>VoiceInteraction<\/em> e a <em>MOG<\/em> estar\u00e3o \u00e0 sua espera no <strong>estande 82B<\/strong> do Expo Center Norte, em S\u00e3o Paulo. Venha nos visitar.<\/p>\n<h2>Sobre o Set Expo<\/h2>\n<p style=\"text-align: justify;\">O SET EXPO, uma realiza\u00e7\u00e3o da SET, \u00e9 o principal evento de neg\u00f3cios e de tecnologia para <em>broadcast<\/em> e novas m\u00eddias da Am\u00e9rica Latina. Em 2016, sua 28\u00aa edi\u00e7\u00e3o acontecer\u00e1 entre os dias 30 de agosto a 1 de setembro, em S\u00e3o Paulo, no Pavilh\u00e3o Vermelho do Expo Center Norte.<\/p>\n<h2 style=\"text-align: justify;\">Sobre a VoiceInteraction Brasil<\/h2>\n<p style=\"text-align: justify;\">A VoiceInteraction \u00e9 uma PME de base tecnol\u00f3gica que desenvolve tecnologia \u2013 fundamental e aplicada \u2013 na \u00e1rea do processamento da voz e foi constitu\u00edda em 2008 como spin-off do Laborat\u00f3rio de L\u00edngua Falada (L2F) do INESC-ID Lisboa. A VoiceInteraction acredita que a fala ser\u00e1, num futuro cada vez mais pr\u00f3ximo, a interface privilegiada no acesso \u00e0s tecnologias de informa\u00e7\u00e3o e pretende, assim, ser uma entidade de refer\u00eancia nessa \u00e1rea. Sobre uma base s\u00f3lida de P&amp;D, a empresa est\u00e1 a operar no mercado global com sistemas de s\u00edntese e transcri\u00e7\u00e3o de voz \u2013 em tempo real \u2013 e sistemas de monitoriza\u00e7\u00e3o autom\u00e1tica de conte\u00fados noticiosos e spots publicit\u00e1rios. Criada em 2013, a VoiceInteraction Brasil tem vindo a cimentar a sua posi\u00e7\u00e3o no mercado brasileiro, tanto na \u00e1rea do Monitoramento dos M\u00eddia, como na da Legendagem Autom\u00e1tica, ao mesmo tempo que come\u00e7a a operar em mercados de l\u00edngua espanhola da Am\u00e9rica do Sul.<\/p>\n","protected":false},"excerpt":{"rendered":"<p>A VoiceInteraction participar\u00e1 da 28\u00aa edi\u00e7\u00e3o do SET EXPO 2016, que acontece de 30 de agosto&#8230;<\/p>\n","protected":false},"author":2,"featured_media":13212,"comment_status":"closed","ping_status":"closed","sticky":false,"template":"","format":"standard","meta":{"_links_to":"","_links_to_target":"","footnotes":""},"categories":[675,669],"tags":[887],"class_list":["post-2636","post","type-post","status-publish","format-standard","has-post-thumbnail","hentry","category-broadcast-midia","category-eventos-br","tag-set-expo_br"],"_links":{"self":[{"href":"https:\/\/voice-interaction.com\/tmp-web\/br\/wp-json\/wp\/v2\/posts\/2636","targetHints":{"allow":["GET"]}}],"collection":[{"href":"https:\/\/voice-interaction.com\/tmp-web\/br\/wp-json\/wp\/v2\/posts"}],"about":[{"href":"https:\/\/voice-interaction.com\/tmp-web\/br\/wp-json\/wp\/v2\/types\/post"}],"author":[{"embeddable":true,"href":"https:\/\/voice-interaction.com\/tmp-web\/br\/wp-json\/wp\/v2\/users\/2"}],"replies":[{"embeddable":true,"href":"https:\/\/voice-interaction.com\/tmp-web\/br\/wp-json\/wp\/v2\/comments?post=2636"}],"version-history":[{"count":0,"href":"https:\/\/voice-interaction.com\/tmp-web\/br\/wp-json\/wp\/v2\/posts\/2636\/revisions"}],"wp:featuredmedia":[{"embeddable":true,"href":"https:\/\/voice-interaction.com\/tmp-web\/br\/wp-json\/wp\/v2\/media\/13212"}],"wp:attachment":[{"href":"https:\/\/voice-interaction.com\/tmp-web\/br\/wp-json\/wp\/v2\/media?parent=2636"}],"wp:term":[{"taxonomy":"category","embeddable":true,"href":"https:\/\/voice-interaction.com\/tmp-web\/br\/wp-json\/wp\/v2\/categories?post=2636"},{"taxonomy":"post_tag","embeddable":true,"href":"https:\/\/voice-interaction.com\/tmp-web\/br\/wp-json\/wp\/v2\/tags?post=2636"}],"curies":[{"name":"wp","href":"https:\/\/api.w.org\/{rel}","templated":true}]}}