{"id":17635,"date":"2019-10-09T08:52:44","date_gmt":"2019-10-09T08:52:44","guid":{"rendered":"https:\/\/voice-interaction.com\/tmp-web\/?p=17635"},"modified":"2019-10-15T08:56:16","modified_gmt":"2019-10-15T08:56:16","slug":"na-2a-edicao-do-i-data-meeting-a-voiceinteraction-esteve-la","status":"publish","type":"post","link":"https:\/\/voice-interaction.com\/tmp-web\/br\/na-2a-edicao-do-i-data-meeting-a-voiceinteraction-esteve-la\/","title":{"rendered":"Na 2\u00aa edi\u00e7\u00e3o do i-Data Meeting, a VoiceInteraction esteve l\u00e1!"},"content":{"rendered":"<p><span style=\"font-size: 18px;\">Foi no passado dia 8 de Outubro que decorreu a 2\u00aa edi\u00e7\u00e3o do evento <a href=\"https:\/\/www.i-data.pt\/\">i-Data Meeting by IFE Abilways<\/a>, e onde n\u00e3o pudemos deixar de estar presentes!<\/span><\/p>\n<p><span style=\"font-size: 18px;\">Na VoiceInteraction, achamos importante estar presente nos demais eventos que acrescentem valor e que<span style=\"color: #ff9900;\"><strong> demosntrem o que de muito bom \u00e9 feito em Portugal.<\/strong><\/span>&nbsp;<\/span><\/p>\n<p><span style=\"font-size: 18px;\">E tendo em conta que o nosso trabalho s\u00f3 \u00e9 poss\u00edvel com a utiliza\u00e7\u00e3o de dados, fez-nos todo o sentido estar presente num <span style=\"color: #ff9900;\"><strong>evento que visa isso mesmo: a import\u00e2ncia dos dados e o seu futuro na ind\u00fastria.&nbsp;<\/strong><\/span><\/span><\/p>\n<p>&nbsp;<\/p>\n<div id=\"image-gallery-8e1a34d389914f2ede1b3a000197d6c0\" class=\"sh-image-gallery sh-image-gallery-container sh-image-gallery-dots1\"  data-columns=\"2\">\n\t\t\t<div class=\"sh-image-gallery-item\">\n\t\t\t<div class=\"sh-gallery-item\">\n\t\t\t\t<div class=\"post-meta-thumb\">\n\n\t\t\t\t\t\t\t\t\t\t\t<img decoding=\"async\" src=\"https:\/\/voice-interaction.com\/tmp-web\/wp-content\/uploads\/2019\/10\/I-data-1-660x660.jpg\" alt=\"I-data 1\" \/>\n\t\t\t\t\t\n\t\t\t\t\t\t\t\t\t\t\t\n        <div class=\"sh-overlay-style1\">\n            <div class=\"sh-table-full\">\n                \n                                    <a href=\"https:\/\/voice-interaction.com\/tmp-web\/wp-content\/uploads\/2019\/10\/I-data-1-1024x768.jpg\" class=\"sh-overlay-item sh-table-cell\" data-rel=\"lightcase:imgCollection8e1a34d389914f2ede1b3a000197d6c0\">\n                        <div class=\"sh-overlay-item-container\">\n                            <i class=\"icon-magnifier-add\"><\/i>\n                        <\/div>\n                    <\/a>\n                            <\/div>\n        <\/div>\n\n    \t\t\t\t\t\t\t\t\t<\/div>\n\t\t\t<\/div>\n\t\t<\/div>\n\t\t\t<div class=\"sh-image-gallery-item\">\n\t\t\t<div class=\"sh-gallery-item\">\n\t\t\t\t<div class=\"post-meta-thumb\">\n\n\t\t\t\t\t\t\t\t\t\t\t<img decoding=\"async\" src=\"https:\/\/voice-interaction.com\/tmp-web\/wp-content\/uploads\/2019\/10\/I-data-2-660x660.jpg\" alt=\"I-data 2\" \/>\n\t\t\t\t\t\n\t\t\t\t\t\t\t\t\t\t\t\n        <div class=\"sh-overlay-style1\">\n            <div class=\"sh-table-full\">\n                \n                                    <a href=\"https:\/\/voice-interaction.com\/tmp-web\/wp-content\/uploads\/2019\/10\/I-data-2-1024x768.jpg\" class=\"sh-overlay-item sh-table-cell\" data-rel=\"lightcase:imgCollection8e1a34d389914f2ede1b3a000197d6c0\">\n                        <div class=\"sh-overlay-item-container\">\n                            <i class=\"icon-magnifier-add\"><\/i>\n                        <\/div>\n                    <\/a>\n                            <\/div>\n        <\/div>\n\n    \t\t\t\t\t\t\t\t\t<\/div>\n\t\t\t<\/div>\n\t\t<\/div>\n\t<\/div>\n<span style=\"font-size: 18px;\">Com certeza estaremos presentes para a 3\u00aa edi\u00e7\u00e3o!&nbsp;<\/span><\/p>\n<p>&nbsp;<\/p>\n<p>&nbsp;<\/p>\n","protected":false},"excerpt":{"rendered":"<p>Foi no passado dia 8 de Outubro que decorreu a 2\u00aa edi\u00e7\u00e3o do evento i-Data Meeting&#8230;<\/p>\n","protected":false},"author":9,"featured_media":17615,"comment_status":"open","ping_status":"open","sticky":false,"template":"","format":"standard","meta":{"_links_to":"","_links_to_target":"","footnotes":""},"categories":[664,669,667],"tags":[1005,1004,1006,960,1007,1008],"class_list":["post-17635","post","type-post","status-publish","format-standard","has-post-thumbnail","hentry","category-empresa","category-eventos-br","category-noticias-empresa","tag-big-data-br","tag-conferencia","tag-data-br","tag-eventos","tag-i-data-meeting-br","tag-ife-br"],"_links":{"self":[{"href":"https:\/\/voice-interaction.com\/tmp-web\/br\/wp-json\/wp\/v2\/posts\/17635","targetHints":{"allow":["GET"]}}],"collection":[{"href":"https:\/\/voice-interaction.com\/tmp-web\/br\/wp-json\/wp\/v2\/posts"}],"about":[{"href":"https:\/\/voice-interaction.com\/tmp-web\/br\/wp-json\/wp\/v2\/types\/post"}],"author":[{"embeddable":true,"href":"https:\/\/voice-interaction.com\/tmp-web\/br\/wp-json\/wp\/v2\/users\/9"}],"replies":[{"embeddable":true,"href":"https:\/\/voice-interaction.com\/tmp-web\/br\/wp-json\/wp\/v2\/comments?post=17635"}],"version-history":[{"count":3,"href":"https:\/\/voice-interaction.com\/tmp-web\/br\/wp-json\/wp\/v2\/posts\/17635\/revisions"}],"predecessor-version":[{"id":17638,"href":"https:\/\/voice-interaction.com\/tmp-web\/br\/wp-json\/wp\/v2\/posts\/17635\/revisions\/17638"}],"wp:featuredmedia":[{"embeddable":true,"href":"https:\/\/voice-interaction.com\/tmp-web\/br\/wp-json\/wp\/v2\/media\/17615"}],"wp:attachment":[{"href":"https:\/\/voice-interaction.com\/tmp-web\/br\/wp-json\/wp\/v2\/media?parent=17635"}],"wp:term":[{"taxonomy":"category","embeddable":true,"href":"https:\/\/voice-interaction.com\/tmp-web\/br\/wp-json\/wp\/v2\/categories?post=17635"},{"taxonomy":"post_tag","embeddable":true,"href":"https:\/\/voice-interaction.com\/tmp-web\/br\/wp-json\/wp\/v2\/tags?post=17635"}],"curies":[{"name":"wp","href":"https:\/\/api.w.org\/{rel}","templated":true}]}}