{"id":15991,"date":"2019-02-11T15:43:37","date_gmt":"2019-02-11T15:43:37","guid":{"rendered":"https:\/\/voice-interaction.com\/tmp-web\/?p=15991"},"modified":"2019-02-11T15:46:35","modified_gmt":"2019-02-11T15:46:35","slug":"ise-integrated-systems-europe-amsterdao-2019-we-were-there","status":"publish","type":"post","link":"https:\/\/voice-interaction.com\/tmp-web\/br\/ise-integrated-systems-europe-amsterdao-2019-we-were-there\/","title":{"rendered":"ISE \u2013 Integrated Systems Europe, Amsterd\u00e3o 2019 | We were there!"},"content":{"rendered":"<p>A VoiceInteraction esteve presente na 16\u00aa edi\u00e7\u00e3o do maior evento mundial de Audiovisuais e de Sistemas de Integra\u00e7\u00e3o. Participou de confer\u00eancias aonde oradores de renome internacional puderam contribuir para trocas de informa\u00e7\u00f5es, tendo ainda uma ampla sala de exposi\u00e7\u00f5es onde estiveram cerca de 1300 profissionais.<\/p>\n<p>Amsterd\u00e3 foi mais uma vez, o palco de uma ind\u00fastria que continua em crescendo, aonde a inova\u00e7\u00e3o se destaca.&nbsp; Apesar de ser um Show Room para as \u00faltimas tend\u00eancias, estamos diante de um evento que se tornou uma plataforma de troca de ideias e conhecimentos a v\u00e1rios mercados.<\/p>\n<p>Para a VoiceInteraction, a participa\u00e7\u00e3o neste evento tornou-se extremamente importante pela oportunidade de ter contatos e interagir diretamente com a ind\u00fastria, os seus fabricantes e os nossos parceiros globais.<\/p>\n<p>At\u00e9 breve , ISE!<\/p>\n\n\n\n\n<div id=\"image-gallery-3840d1fdd040e71c3143cf41a356d6a9\" class=\"sh-image-gallery sh-image-gallery-container sh-image-gallery-disable\"  data-columns=\"2\">\n\t\t\t<div class=\"sh-image-gallery-item\">\n\t\t\t<div class=\"sh-gallery-item\">\n\t\t\t\t<div class=\"post-meta-thumb\">\n\n\t\t\t\t\t\t\t\t\t\t\t<img decoding=\"async\" src=\"https:\/\/voice-interaction.com\/tmp-web\/wp-content\/uploads\/2019\/02\/VI-ISE2.png\" alt=\"VI-ISE2\" \/>\n\t\t\t\t\t\n\t\t\t\t\t\t\t\t\t\t\t\n        <div class=\"sh-overlay-style1\">\n            <div class=\"sh-table-full\">\n                \n                                    <a href=\"https:\/\/voice-interaction.com\/tmp-web\/wp-content\/uploads\/2019\/02\/VI-ISE2-1024x621.png\" class=\"sh-overlay-item sh-table-cell\" data-rel=\"lightcase:imgCollection3840d1fdd040e71c3143cf41a356d6a9\">\n                        <div class=\"sh-overlay-item-container\">\n                            <i class=\"icon-magnifier-add\"><\/i>\n                        <\/div>\n                    <\/a>\n                            <\/div>\n        <\/div>\n\n    \t\t\t\t\t\t\t\t\t<\/div>\n\t\t\t<\/div>\n\t\t<\/div>\n\t\t\t<div class=\"sh-image-gallery-item\">\n\t\t\t<div class=\"sh-gallery-item\">\n\t\t\t\t<div class=\"post-meta-thumb\">\n\n\t\t\t\t\t\t\t\t\t\t\t<img decoding=\"async\" src=\"https:\/\/voice-interaction.com\/tmp-web\/wp-content\/uploads\/2019\/02\/ISE12.jpg\" alt=\"ISE12\" \/>\n\t\t\t\t\t\n\t\t\t\t\t\t\t\t\t\t\t\n        <div class=\"sh-overlay-style1\">\n            <div class=\"sh-table-full\">\n                \n                                    <a href=\"https:\/\/voice-interaction.com\/tmp-web\/wp-content\/uploads\/2019\/02\/ISE12-1024x646.jpg\" class=\"sh-overlay-item sh-table-cell\" data-rel=\"lightcase:imgCollection3840d1fdd040e71c3143cf41a356d6a9\">\n                        <div class=\"sh-overlay-item-container\">\n                            <i class=\"icon-magnifier-add\"><\/i>\n                        <\/div>\n                    <\/a>\n                            <\/div>\n        <\/div>\n\n    \t\t\t\t\t\t\t\t\t<\/div>\n\t\t\t<\/div>\n\t\t<\/div>\n\t<\/div>\n\n","protected":false},"excerpt":{"rendered":"<p>A VoiceInteraction esteve presente na 16\u00aa edi\u00e7\u00e3o do maior evento mundial de Audiovisuais e de Sistemas&#8230;<\/p>\n","protected":false},"author":9,"featured_media":15975,"comment_status":"open","ping_status":"open","sticky":false,"template":"","format":"standard","meta":{"_links_to":"","_links_to_target":"","footnotes":""},"categories":[664,669],"tags":[937,936,933,935,934],"class_list":["post-15991","post","type-post","status-publish","format-standard","has-post-thumbnail","hentry","category-empresa","category-eventos-br","tag-amsterdam","tag-events","tag-ise","tag-knowledge-from-speech","tag-voiceinteraction"],"_links":{"self":[{"href":"https:\/\/voice-interaction.com\/tmp-web\/br\/wp-json\/wp\/v2\/posts\/15991","targetHints":{"allow":["GET"]}}],"collection":[{"href":"https:\/\/voice-interaction.com\/tmp-web\/br\/wp-json\/wp\/v2\/posts"}],"about":[{"href":"https:\/\/voice-interaction.com\/tmp-web\/br\/wp-json\/wp\/v2\/types\/post"}],"author":[{"embeddable":true,"href":"https:\/\/voice-interaction.com\/tmp-web\/br\/wp-json\/wp\/v2\/users\/9"}],"replies":[{"embeddable":true,"href":"https:\/\/voice-interaction.com\/tmp-web\/br\/wp-json\/wp\/v2\/comments?post=15991"}],"version-history":[{"count":4,"href":"https:\/\/voice-interaction.com\/tmp-web\/br\/wp-json\/wp\/v2\/posts\/15991\/revisions"}],"predecessor-version":[{"id":15995,"href":"https:\/\/voice-interaction.com\/tmp-web\/br\/wp-json\/wp\/v2\/posts\/15991\/revisions\/15995"}],"wp:featuredmedia":[{"embeddable":true,"href":"https:\/\/voice-interaction.com\/tmp-web\/br\/wp-json\/wp\/v2\/media\/15975"}],"wp:attachment":[{"href":"https:\/\/voice-interaction.com\/tmp-web\/br\/wp-json\/wp\/v2\/media?parent=15991"}],"wp:term":[{"taxonomy":"category","embeddable":true,"href":"https:\/\/voice-interaction.com\/tmp-web\/br\/wp-json\/wp\/v2\/categories?post=15991"},{"taxonomy":"post_tag","embeddable":true,"href":"https:\/\/voice-interaction.com\/tmp-web\/br\/wp-json\/wp\/v2\/tags?post=15991"}],"curies":[{"name":"wp","href":"https:\/\/api.w.org\/{rel}","templated":true}]}}